{"id":1000,"date":"2014-09-24T20:50:40","date_gmt":"2014-09-24T20:50:40","guid":{"rendered":"http:\/\/svzweckel.de\/\/?p=1000"},"modified":"2014-09-24T20:50:40","modified_gmt":"2014-09-24T20:50:40","slug":"die-reserve-gewinnt-das-derby-gegen-rentfort","status":"publish","type":"post","link":"https:\/\/www.svzweckel.de\/?p=1000","title":{"rendered":"Die Reserve gewinnt das Derby gegen Rentfort"},"content":{"rendered":"<p>Bei der Reserve des SV Zweckel ist nach dem zweiten Sieg alles im Lot. Hatte die Zweite zu Beginn der Saison noch einige Probleme die guten Spiele auch in gute Ergebnisse umzum\u00fcnzen, hat sich das Blatt nun gewendet. In den letzten drei Partien ist die Mannschat von S\u00f6ren Sch\u00fcrer und Co-Trainer Boris Crevartin ohne Gegentor geblieben.<br \/>\nAm Sonntag war der BV Rentfort zu Gast im K\u00e4fig und wollte nach der Niederlage gegen Grafenwald in Zweckel wieder Boden gut machen. Das gelang der Mannschaft von der Hegestra\u00dfe zu keiner Zeit. Der SV Zweckel stand mit Keeper Christian Scheuplein sicher in der Defensive und sorgte immer wieder f\u00fcr Gefahr vor dem Tor des BV Rentfort. Nach 20 Minunten brachte Bryan Estefano Orbogezo Chang Kau die Gastgeber mit 1:0 in F\u00fchrung. Er brauchte den Ball nach sch\u00f6ner Vorarbeit nur noch \u00fcber die Linie zu dr\u00fccken. Die Gastgeber blieben weiter am Dr\u00fccker, konnten jedoch die sich bietenden Chancen nicht zum Ausbau der F\u00fchrung nutzen. Nach der knappen Halbzeitf\u00fchrung f\u00fcr den SVZ wollten die Rentforter mit aller Macht den Ausgleich erzielen. Doch das war am heutigen Tage unm\u00f6glich, denn dazu spielte der Gast nicht gut genug. Im Gegenteil, der SVZ setzte nach, musste aber bis zu 87. Minute warten, bis Ziya Beselvi mit einem fulminaten Gewaltschuss den 2:0-Endstand erzielte.<\/p>\n","protected":false},"excerpt":{"rendered":"<p>Bei der Reserve des SV Zweckel ist nach dem zweiten Sieg alles im Lot. Hatte die Zweite zu Beginn der Saison noch einige Probleme die guten Spiele auch in gute Ergebnisse umzum\u00fcnzen, hat sich das Blatt nun gewendet. In den letzten drei Partien ist die Mannschat von S\u00f6ren Sch\u00fcrer und Co-Trainer Boris Crevartin ohne Gegentor [&hellip;]<\/p>\n","protected":false},"author":3,"featured_media":823,"comment_status":"open","ping_status":"open","sticky":false,"template":"","format":"standard","meta":{"_jetpack_memberships_contains_paid_content":false,"footnotes":"","jetpack_publicize_message":"","jetpack_publicize_feature_enabled":true,"jetpack_social_post_already_shared":false,"jetpack_social_options":{"image_generator_settings":{"template":"highway","default_image_id":0,"font":"","enabled":false},"version":2}},"categories":[20],"tags":[],"class_list":["post-1000","post","type-post","status-publish","format-standard","has-post-thumbnail","hentry","category-2-mannschaft"],"jetpack_publicize_connections":[],"jetpack_featured_media_url":"https:\/\/i0.wp.com\/www.svzweckel.de\/wp-content\/uploads\/2014\/09\/K%C3%A4fig.jpg?fit=800%2C451&ssl=1","jetpack_sharing_enabled":true,"_links":{"self":[{"href":"https:\/\/www.svzweckel.de\/index.php?rest_route=\/wp\/v2\/posts\/1000","targetHints":{"allow":["GET"]}}],"collection":[{"href":"https:\/\/www.svzweckel.de\/index.php?rest_route=\/wp\/v2\/posts"}],"about":[{"href":"https:\/\/www.svzweckel.de\/index.php?rest_route=\/wp\/v2\/types\/post"}],"author":[{"embeddable":true,"href":"https:\/\/www.svzweckel.de\/index.php?rest_route=\/wp\/v2\/users\/3"}],"replies":[{"embeddable":true,"href":"https:\/\/www.svzweckel.de\/index.php?rest_route=%2Fwp%2Fv2%2Fcomments&post=1000"}],"version-history":[{"count":0,"href":"https:\/\/www.svzweckel.de\/index.php?rest_route=\/wp\/v2\/posts\/1000\/revisions"}],"wp:featuredmedia":[{"embeddable":true,"href":"https:\/\/www.svzweckel.de\/index.php?rest_route=\/wp\/v2\/media\/823"}],"wp:attachment":[{"href":"https:\/\/www.svzweckel.de\/index.php?rest_route=%2Fwp%2Fv2%2Fmedia&parent=1000"}],"wp:term":[{"taxonomy":"category","embeddable":true,"href":"https:\/\/www.svzweckel.de\/index.php?rest_route=%2Fwp%2Fv2%2Fcategories&post=1000"},{"taxonomy":"post_tag","embeddable":true,"href":"https:\/\/www.svzweckel.de\/index.php?rest_route=%2Fwp%2Fv2%2Ftags&post=1000"}],"curies":[{"name":"wp","href":"https:\/\/api.w.org\/{rel}","templated":true}]}}