{"id":10181,"date":"2018-06-18T13:20:54","date_gmt":"2018-06-18T11:20:54","guid":{"rendered":"http:\/\/www.svzweckel.de\/?p=10181"},"modified":"2018-06-18T13:30:19","modified_gmt":"2018-06-18T11:30:19","slug":"naechstes-aufstiegsspiel-der-c-junioren","status":"publish","type":"post","link":"https:\/\/www.svzweckel.de\/?p=10181","title":{"rendered":"N\u00e4chstes Aufstiegsspiel der C-Junioren"},"content":{"rendered":"<pre><span style=\"color: #000000; font-family: Calibri;\">19.06.18, 18:00 Uhr: SV Zweckel - SC Obersprockh\u00f6vel<\/span>\r\n\r\n<span style=\"color: #000000; font-family: Calibri;\">Im ersten Spiel haben die C-Junioren ein tolle Leistung gezeigt und gegen einen k\u00f6rperlich starken Gegner aus Menden, der mit einer Riesen-Bilanz aus dem Liga-Alltag an die Dorstener Stra\u00dfe gereist war, ein ungl\u00fcckliches Remis erzielt. Der Ausgleichstreffer f\u00fcr die G\u00e4ste fiel leider in der vierten Minute der Nachspielzeit und der wichtige Auftaktsieg wurde damit leider verpasst.<\/span>\r\n\r\n<span style=\"color: #000000; font-family: Calibri;\">Am Dienstag ist die Ausgangslage gegen die SC Obersprockh\u00f6vel \u00e4hnlich wie gegen Menden. Die G\u00e4ste haben in 22 Spielen 59 Punkte und 89:15 Tore erzielt. Das ist auf dem Papier eine beeindruckende Bilanz, darf die Mannschaft der Trainer Benny Flohr und Timon Reschke jedoch nicht abschrecken, denn der letzte Gegner kam mit einem noch besseren Saisonergebnis in den K\u00e4fig und kam \u00fcber ein gl\u00fcckliches Unentschieden nicht hinaus.<\/span>\r\n\r\n<span style=\"color: #000000; font-family: Calibri;\">Obersprockh\u00f6vel erzielte im ersten Spiel gegen Holzwickede eine 2:2-Unentschieden und konnte gleich zweimal einen R\u00fcckstand wettmachen.<\/span>\r\n\r\n<span style=\"color: #000000; font-family: Calibri;\">Die Schwarz-Gr\u00fcnen m\u00fcssen am Dienstag mit Mut und Einsatz die Chance auf einen Sieg ergreifen und genauso wie am letzten Samstag auftrumpfen. Dann d\u00fcrfte die Elf auch gegen den Gast aus Obersprockh\u00f6vel Siegeschancen haben. <\/span>\r\n\r\n<span style=\"color: #000000; font-family: Calibri;\">Die Jungs w\u00fcrden sich nat\u00fcrlich \u00fcber eine gro\u00dfe Unterst\u00fctzung aus dem Verein und insbesondere der anderen Jugendmannschaften freuen.<\/span><\/pre>\n","protected":false},"excerpt":{"rendered":"<p>19.06.18, 18:00 Uhr: SV Zweckel &#8211; SC Obersprockh\u00f6vel Im ersten Spiel haben die C-Junioren ein tolle Leistung gezeigt und gegen einen k\u00f6rperlich starken Gegner aus Menden, der mit einer Riesen-Bilanz aus dem Liga-Alltag an die Dorstener Stra\u00dfe gereist war, ein ungl\u00fcckliches Remis erzielt. Der Ausgleichstreffer f\u00fcr die G\u00e4ste fiel leider in der vierten Minute der [&hellip;]<\/p>\n","protected":false},"author":3,"featured_media":10179,"comment_status":"open","ping_status":"open","sticky":false,"template":"","format":"standard","meta":{"_jetpack_memberships_contains_paid_content":false,"footnotes":"","jetpack_publicize_message":"","jetpack_publicize_feature_enabled":true,"jetpack_social_post_already_shared":false,"jetpack_social_options":{"image_generator_settings":{"template":"highway","default_image_id":0,"font":"","enabled":false},"version":2}},"categories":[28],"tags":[],"class_list":["post-10181","post","type-post","status-publish","format-standard","has-post-thumbnail","hentry","category-c-junioren"],"jetpack_publicize_connections":[],"jetpack_featured_media_url":"https:\/\/i0.wp.com\/www.svzweckel.de\/wp-content\/uploads\/2018\/06\/DSC00579.jpg?fit=800%2C533&ssl=1","jetpack_sharing_enabled":true,"_links":{"self":[{"href":"https:\/\/www.svzweckel.de\/index.php?rest_route=\/wp\/v2\/posts\/10181","targetHints":{"allow":["GET"]}}],"collection":[{"href":"https:\/\/www.svzweckel.de\/index.php?rest_route=\/wp\/v2\/posts"}],"about":[{"href":"https:\/\/www.svzweckel.de\/index.php?rest_route=\/wp\/v2\/types\/post"}],"author":[{"embeddable":true,"href":"https:\/\/www.svzweckel.de\/index.php?rest_route=\/wp\/v2\/users\/3"}],"replies":[{"embeddable":true,"href":"https:\/\/www.svzweckel.de\/index.php?rest_route=%2Fwp%2Fv2%2Fcomments&post=10181"}],"version-history":[{"count":0,"href":"https:\/\/www.svzweckel.de\/index.php?rest_route=\/wp\/v2\/posts\/10181\/revisions"}],"wp:featuredmedia":[{"embeddable":true,"href":"https:\/\/www.svzweckel.de\/index.php?rest_route=\/wp\/v2\/media\/10179"}],"wp:attachment":[{"href":"https:\/\/www.svzweckel.de\/index.php?rest_route=%2Fwp%2Fv2%2Fmedia&parent=10181"}],"wp:term":[{"taxonomy":"category","embeddable":true,"href":"https:\/\/www.svzweckel.de\/index.php?rest_route=%2Fwp%2Fv2%2Fcategories&post=10181"},{"taxonomy":"post_tag","embeddable":true,"href":"https:\/\/www.svzweckel.de\/index.php?rest_route=%2Fwp%2Fv2%2Ftags&post=10181"}],"curies":[{"name":"wp","href":"https:\/\/api.w.org\/{rel}","templated":true}]}}