{"id":10360,"date":"2018-07-11T19:26:23","date_gmt":"2018-07-11T17:26:23","guid":{"rendered":"http:\/\/www.svzweckel.de\/?p=10360"},"modified":"2018-07-11T19:26:23","modified_gmt":"2018-07-11T17:26:23","slug":"sv-zweckel-ii-der-neue-trainer-karl-englich-hat-viel-vor-waz-vom-10-07-2018","status":"publish","type":"post","link":"https:\/\/www.svzweckel.de\/?p=10360","title":{"rendered":"SV Zweckel II: Der neue Trainer Karl Englich hat viel vor (WAZ vom 10.07.2018)"},"content":{"rendered":"<p>Der SV Zweckel stellt in der neuen Saison wieder eine zweite Mannschaft. Was Karl Englich, der neue Trainer der SVZ-Reserve, so alles vorhat.<br \/>\nDer SV Zweckel stellt in der neuen Saison wieder eine zweite Mannschaft. Nach dem Zwangsabstieg wegen dreimaligem Nichtantreten in der vergangenen Saison starten die Schwarz-Gr\u00fcnen in der Kreisliga B. Der neue Trainer Karl Englich hat viel vor.<br \/>\nBeachtet man alleine die Organisation der Zweckeler Zweitvertretung, welche fortan eine U23, ein Bindeglied zwischen A-Jugend und der ersten Seniorenmannschaft werden soll, so glaubt man nicht, dass an der Dorstener Stra\u00dfe in der Meisterschaftsrunde 2018\/2019 Kreisliga-B-Fu\u00dfball gespielt wird.<\/p>\n<p><strong>Zweckeler Zweite darf auf dem Rasenplatz spielen<\/strong><\/p>\n<p>Ein Blick in die Kabine verr\u00e4t: Die Spieler der \u201eU23\u201c werden vom SV Zweckel komplett ausgestattet. Jeder Akteur braucht zu den \u00dcbungseinheiten nur seine Kulturtasche mitzubringen, vor Trainingseinheiten und zu den Spielen gibt es Obst und Getr\u00e4nke. Nicht einmal die Fu\u00dfballschuhe m\u00fcssen geputzt werden. Karl Englich, der von der SpVgg Middelich-Resse zum SV Zweckel II gewechselt ist, verr\u00e4t: \u201eOhne diese Zusagen des Vereins h\u00e4tte ich niemals meinen Vertrag unterschrieben.\u201c<\/p>\n<p>Zu diesen Zusagen geh\u00f6rt auch die, dass alle Spiele der Zweckeler Zweitvertretung auf dem Rasenplatz ausgetragen werden &#8211; vorausgesetzt, die Anlage ist nicht gesperrt. Zudem darf Englichs Mannschaft einmal pro Woche auf dem Rasenplatz trainieren. \u201eIch m\u00f6chte die Jungs ausbilden und entwickeln. Das kann ich nicht im K\u00e4fig\u201c, so der Coach, der einst Wacker Gladbeck in die Bezirksliga gef\u00fchrt hat.<\/p>\n<p><strong>Carlos Gomes schn\u00fcrt noch einmal seine Schuhe<\/strong><\/p>\n<p>Englich erz\u00e4hlt, dass die Zweckeler bereits im vergangenen Februar erstmals angefragt haben. Er hat ihnen aber immer wieder abgesagt. Schlie\u00dflich wollte er nach seinem Engagement bei Middelich-Resse eigentlich komplett aufh\u00f6ren. Dann aber erstellte er ein Konzept, wie die neue zweite Mannschaft, die \u201eU23\u201c des SV Zweckel aussehen k\u00f6nne.<\/p>\n<p>\u201eIch sehe mich nicht als Trainer, sondern ich sehe mich als Ausbilder\u201c, so der Gelsenkirchener, welcher ordentlich aufger\u00fcstet hat und viele junge Spieler an Bord hat. Dabei ist der Begriff \u201eU23\u201c jedoch willk\u00fcrlich gew\u00e4hlt. Englich: \u201eZum Beispiel wird Carlos Gomes (ehemals Wacker Gladbeck, d. Red.) mit seinen 42 Jahren auch noch einmal die Schuhe schn\u00fcren und als gute Seele der Mannschaft dienen. Er kann den Jungs die n\u00f6tige Ruhe auf dem Platz vermitteln.\u201c<\/p>\n<p><strong>Englich und der SV Zweckel wollen klare Kante zeigen<\/strong><\/p>\n<p>Der Ausbilder m\u00f6chte seine Jungs insbesondere taktisch schulen: \u201eWer jahrelang Fu\u00dfball gespielt hat, dem brauche ich das Fu\u00dfballspielen nicht mehr beibringen. Da geht es um taktische Feinheiten, die der Spieler dann in ein paar Jahren in h\u00f6heren Mannschaften gebrauchen kann.\u201c Falls ein Spieler jedoch auch mit 25 oder 26 nicht den Sprung in die erste Mannschaft geschafft habe, m\u00fcsse er sich einen anderen Verein suchen, so Englich. Es k\u00e4men schlie\u00dflich immer wieder gute Jugendspieler nach.<\/p>\n<p>Die Absprache mit dem neuen A-Jugendtrainer Marc Bahl klappt bisher laut Karl Englich gut und auch mit Mike Theis, Trainer der Zweckeler Bezirksliga-Mannschaft, versteht sich der Coach der Zweitvertretung: \u201eWir sind im st\u00e4ndigen Austausch und bekommen nach der Vorbereitung Spieler, die es in der ersten Mannschaft nicht schaffen.\u201c Englich und der Klub wollen dabei klare Kante zeigen.<\/p>\n<p><strong>Englich interessiert die Ausbildung der Spieler<\/strong><\/p>\n<p>\u201eWer nicht bereit ist, f\u00fcr die zweite Mannschaft des SV Zweckel zu spielen\u201c, betont Englich, \u201ekann den Verein sofort verlassen. Man spielt f\u00fcr den Verein SV Zweckel und nicht f\u00fcr eine Mannschaft.\u201c<\/p>\n<p>Tabellarische Ziele verfolgt der \u00dcbungsleiter f\u00fcr die neue Saison \u00fcbrigens nicht: \u201eMich interessiert die Ausbildung der Spieler. Wir wollen im gesicherten Mittelfeld landen und wenn ich am Ende der Saison bei jedem meiner Jungs eine Verbesserung sehe, bin ich schon zufrieden.\u201c<\/p>\n<p>&nbsp;<\/p>\n","protected":false},"excerpt":{"rendered":"<p>Der SV Zweckel stellt in der neuen Saison wieder eine zweite Mannschaft. Was Karl Englich, der neue Trainer der SVZ-Reserve, so alles vorhat. Der SV Zweckel stellt in der neuen Saison wieder eine zweite Mannschaft. Nach dem Zwangsabstieg wegen dreimaligem Nichtantreten in der vergangenen Saison starten die Schwarz-Gr\u00fcnen in der Kreisliga B. Der neue Trainer [&hellip;]<\/p>\n","protected":false},"author":3,"featured_media":10363,"comment_status":"open","ping_status":"open","sticky":false,"template":"","format":"standard","meta":{"_jetpack_memberships_contains_paid_content":false,"footnotes":"","jetpack_publicize_message":"","jetpack_publicize_feature_enabled":true,"jetpack_social_post_already_shared":false,"jetpack_social_options":{"image_generator_settings":{"template":"highway","default_image_id":0,"font":"","enabled":false},"version":2}},"categories":[20],"tags":[],"class_list":["post-10360","post","type-post","status-publish","format-standard","has-post-thumbnail","hentry","category-2-mannschaft"],"jetpack_publicize_connections":[],"jetpack_featured_media_url":"https:\/\/i0.wp.com\/www.svzweckel.de\/wp-content\/uploads\/2018\/07\/doc70wwxp274tghulpacdk-MASTER.jpg?fit=800%2C383&ssl=1","jetpack_sharing_enabled":true,"_links":{"self":[{"href":"https:\/\/www.svzweckel.de\/index.php?rest_route=\/wp\/v2\/posts\/10360","targetHints":{"allow":["GET"]}}],"collection":[{"href":"https:\/\/www.svzweckel.de\/index.php?rest_route=\/wp\/v2\/posts"}],"about":[{"href":"https:\/\/www.svzweckel.de\/index.php?rest_route=\/wp\/v2\/types\/post"}],"author":[{"embeddable":true,"href":"https:\/\/www.svzweckel.de\/index.php?rest_route=\/wp\/v2\/users\/3"}],"replies":[{"embeddable":true,"href":"https:\/\/www.svzweckel.de\/index.php?rest_route=%2Fwp%2Fv2%2Fcomments&post=10360"}],"version-history":[{"count":0,"href":"https:\/\/www.svzweckel.de\/index.php?rest_route=\/wp\/v2\/posts\/10360\/revisions"}],"wp:featuredmedia":[{"embeddable":true,"href":"https:\/\/www.svzweckel.de\/index.php?rest_route=\/wp\/v2\/media\/10363"}],"wp:attachment":[{"href":"https:\/\/www.svzweckel.de\/index.php?rest_route=%2Fwp%2Fv2%2Fmedia&parent=10360"}],"wp:term":[{"taxonomy":"category","embeddable":true,"href":"https:\/\/www.svzweckel.de\/index.php?rest_route=%2Fwp%2Fv2%2Fcategories&post=10360"},{"taxonomy":"post_tag","embeddable":true,"href":"https:\/\/www.svzweckel.de\/index.php?rest_route=%2Fwp%2Fv2%2Ftags&post=10360"}],"curies":[{"name":"wp","href":"https:\/\/api.w.org\/{rel}","templated":true}]}}