{"id":10543,"date":"2018-08-04T18:36:06","date_gmt":"2018-08-04T16:36:06","guid":{"rendered":"http:\/\/www.svzweckel.de\/?p=10543"},"modified":"2018-08-04T18:36:06","modified_gmt":"2018-08-04T16:36:06","slug":"u-23-testet-bei-preussen-gladbeck","status":"publish","type":"post","link":"https:\/\/www.svzweckel.de\/?p=10543","title":{"rendered":"U 23 testet bei Preu\u00dfen Gladbeck"},"content":{"rendered":"<p>Sonntag, 05.08.18, 15:00 Uhr: SG Preu\u00dfen Gladbeck &#8211; SV Zweckel II<\/p>\n<p>Trainer Karl Englich kann auf dem Kunstrasenplatz an der Konrad-Adenauer-Allee wieder mit einigen Urlaubsr\u00fcckkehrern planen, die sich allerdings erst einmal hinten anstellen m\u00fcssen. Die Partie bei den ambitionierten Preu\u00dfen d\u00fcrfte f\u00fcr die junge Zweckeler Mannschaft ein echter H\u00e4rtetest sein vor dem Meisterschaftsbeginn sein.<\/p>\n","protected":false},"excerpt":{"rendered":"<p>Sonntag, 05.08.18, 15:00 Uhr: SG Preu\u00dfen Gladbeck &#8211; SV Zweckel II Trainer Karl Englich kann auf dem Kunstrasenplatz an der Konrad-Adenauer-Allee wieder mit einigen Urlaubsr\u00fcckkehrern planen, die sich allerdings erst einmal hinten anstellen m\u00fcssen. Die Partie bei den ambitionierten Preu\u00dfen d\u00fcrfte f\u00fcr die junge Zweckeler Mannschaft ein echter H\u00e4rtetest sein vor dem Meisterschaftsbeginn sein.<\/p>\n","protected":false},"author":3,"featured_media":10545,"comment_status":"open","ping_status":"open","sticky":false,"template":"","format":"standard","meta":{"_jetpack_memberships_contains_paid_content":false,"footnotes":"","jetpack_publicize_message":"","jetpack_publicize_feature_enabled":true,"jetpack_social_post_already_shared":false,"jetpack_social_options":{"image_generator_settings":{"template":"highway","default_image_id":0,"font":"","enabled":false},"version":2}},"categories":[20],"tags":[],"class_list":["post-10543","post","type-post","status-publish","format-standard","has-post-thumbnail","hentry","category-2-mannschaft"],"jetpack_publicize_connections":[],"jetpack_featured_media_url":"https:\/\/i0.wp.com\/www.svzweckel.de\/wp-content\/uploads\/2018\/08\/DSC00968.jpg?fit=800%2C533&ssl=1","jetpack_sharing_enabled":true,"_links":{"self":[{"href":"https:\/\/www.svzweckel.de\/index.php?rest_route=\/wp\/v2\/posts\/10543","targetHints":{"allow":["GET"]}}],"collection":[{"href":"https:\/\/www.svzweckel.de\/index.php?rest_route=\/wp\/v2\/posts"}],"about":[{"href":"https:\/\/www.svzweckel.de\/index.php?rest_route=\/wp\/v2\/types\/post"}],"author":[{"embeddable":true,"href":"https:\/\/www.svzweckel.de\/index.php?rest_route=\/wp\/v2\/users\/3"}],"replies":[{"embeddable":true,"href":"https:\/\/www.svzweckel.de\/index.php?rest_route=%2Fwp%2Fv2%2Fcomments&post=10543"}],"version-history":[{"count":0,"href":"https:\/\/www.svzweckel.de\/index.php?rest_route=\/wp\/v2\/posts\/10543\/revisions"}],"wp:featuredmedia":[{"embeddable":true,"href":"https:\/\/www.svzweckel.de\/index.php?rest_route=\/wp\/v2\/media\/10545"}],"wp:attachment":[{"href":"https:\/\/www.svzweckel.de\/index.php?rest_route=%2Fwp%2Fv2%2Fmedia&parent=10543"}],"wp:term":[{"taxonomy":"category","embeddable":true,"href":"https:\/\/www.svzweckel.de\/index.php?rest_route=%2Fwp%2Fv2%2Fcategories&post=10543"},{"taxonomy":"post_tag","embeddable":true,"href":"https:\/\/www.svzweckel.de\/index.php?rest_route=%2Fwp%2Fv2%2Ftags&post=10543"}],"curies":[{"name":"wp","href":"https:\/\/api.w.org\/{rel}","templated":true}]}}