{"id":10604,"date":"2018-08-10T21:37:40","date_gmt":"2018-08-10T19:37:40","guid":{"rendered":"http:\/\/www.svzweckel.de\/?p=10604"},"modified":"2018-08-10T21:37:40","modified_gmt":"2018-08-10T19:37:40","slug":"auftakt-der-u-23-an-der-dorstener-strasse-waz-vom-10-08-18","status":"publish","type":"post","link":"https:\/\/www.svzweckel.de\/?p=10604","title":{"rendered":"Auftakt der U 23 an der Dorstener Stra\u00dfe (WAZ vom 10.08.18)"},"content":{"rendered":"<p>Sonntag, 12.08.18, 15:00 Uhr: SV Zweckel II \u2013 Eintracht Erle II<\/p>\n<p>F\u00fcr den SV Zweckel II steht am Sonntag (15 Uhr, Dorstener Stra\u00dfe) das erste Pflichtspiel \u00fcberhaupt nach dem Zwangsabstieg in der vergangenen Saison an. Es ist nun eine komplett neue Mannschaft, neuer Trainer ist Karl Englich. \u201eDie Stimmung in der Mannschaft ist gut, das drum herum stimmt. Jetzt k\u00f6nnen wir auf dem Platz zeigen, wie weit wir sind\u201c, erkl\u00e4rt Karl Englich. Dabei stellt er jedoch keine gro\u00dfen Anspr\u00fcche: \u201eDer erste Spieltag ist immer eine Standortbestimmung. Wir m\u00fcssen erstmal reinkommen.\u201c Dabei fehlen dem Trainer gleich acht Spieler, zwei Akteure gibt er an die erste Mannschaft ab. \u201eWir sind gerade mal seit knapp \u00fcber einem Monat ein Team. Unsere Vorbereitung dauert bestimmt noch ein, zwei Monate\u201c, nimmt der Trainer seinem Team jeglichen Druck.<\/p>\n","protected":false},"excerpt":{"rendered":"<p>Sonntag, 12.08.18, 15:00 Uhr: SV Zweckel II \u2013 Eintracht Erle II F\u00fcr den SV Zweckel II steht am Sonntag (15 Uhr, Dorstener Stra\u00dfe) das erste Pflichtspiel \u00fcberhaupt nach dem Zwangsabstieg in der vergangenen Saison an. Es ist nun eine komplett neue Mannschaft, neuer Trainer ist Karl Englich. \u201eDie Stimmung in der Mannschaft ist gut, das [&hellip;]<\/p>\n","protected":false},"author":3,"featured_media":10605,"comment_status":"open","ping_status":"open","sticky":false,"template":"","format":"standard","meta":{"_jetpack_memberships_contains_paid_content":false,"footnotes":"","jetpack_publicize_message":"","jetpack_publicize_feature_enabled":true,"jetpack_social_post_already_shared":false,"jetpack_social_options":{"image_generator_settings":{"template":"highway","default_image_id":0,"font":"","enabled":false},"version":2}},"categories":[20],"tags":[],"class_list":["post-10604","post","type-post","status-publish","format-standard","has-post-thumbnail","hentry","category-2-mannschaft"],"jetpack_publicize_connections":[],"jetpack_featured_media_url":"https:\/\/i0.wp.com\/www.svzweckel.de\/wp-content\/uploads\/2018\/08\/DSC00989.jpg?fit=800%2C533&ssl=1","jetpack_sharing_enabled":true,"_links":{"self":[{"href":"https:\/\/www.svzweckel.de\/index.php?rest_route=\/wp\/v2\/posts\/10604","targetHints":{"allow":["GET"]}}],"collection":[{"href":"https:\/\/www.svzweckel.de\/index.php?rest_route=\/wp\/v2\/posts"}],"about":[{"href":"https:\/\/www.svzweckel.de\/index.php?rest_route=\/wp\/v2\/types\/post"}],"author":[{"embeddable":true,"href":"https:\/\/www.svzweckel.de\/index.php?rest_route=\/wp\/v2\/users\/3"}],"replies":[{"embeddable":true,"href":"https:\/\/www.svzweckel.de\/index.php?rest_route=%2Fwp%2Fv2%2Fcomments&post=10604"}],"version-history":[{"count":0,"href":"https:\/\/www.svzweckel.de\/index.php?rest_route=\/wp\/v2\/posts\/10604\/revisions"}],"wp:featuredmedia":[{"embeddable":true,"href":"https:\/\/www.svzweckel.de\/index.php?rest_route=\/wp\/v2\/media\/10605"}],"wp:attachment":[{"href":"https:\/\/www.svzweckel.de\/index.php?rest_route=%2Fwp%2Fv2%2Fmedia&parent=10604"}],"wp:term":[{"taxonomy":"category","embeddable":true,"href":"https:\/\/www.svzweckel.de\/index.php?rest_route=%2Fwp%2Fv2%2Fcategories&post=10604"},{"taxonomy":"post_tag","embeddable":true,"href":"https:\/\/www.svzweckel.de\/index.php?rest_route=%2Fwp%2Fv2%2Ftags&post=10604"}],"curies":[{"name":"wp","href":"https:\/\/api.w.org\/{rel}","templated":true}]}}