{"id":10771,"date":"2018-09-14T15:18:55","date_gmt":"2018-09-14T13:18:55","guid":{"rendered":"http:\/\/www.svzweckel.de\/?p=10771"},"modified":"2018-09-14T15:20:38","modified_gmt":"2018-09-14T13:20:38","slug":"10771-2","status":"publish","type":"post","link":"https:\/\/www.svzweckel.de\/?p=10771","title":{"rendered":"U23 spielt in Bulmke"},"content":{"rendered":"<p>Sonntag, 16.09.18, 13:15 Uhr: Spfr. Bulmke II &#8211; SV Zweckel II<\/p>\n<p>Nach einer engagierten Vorstellung gegen die Spitzenmannschaft BV Rentfort III standen die Sch\u00fctzlinge von Karl Englich zum Spielende wieder mit leeren H\u00e4nden da. Mit 2:4 behielt der Aufstiegsaspirant die Oberhand und die Schwarz-Gr\u00fcnen warten weiter auf den zweiten Sieg in der Kreisliga B.<\/p>\n<p>Am Sonntag treffen die G\u00e4ste auf eine Mannschaft, die mit 2 Siegen, 1 Unentschieden und 2 Niederlagen in die Saison gestartet ist. Das Torverh\u00e4ltnis des Gastgebers ist schon etwas ungew\u00f6hnlich; 23 geschossenen Toren stehen in 5 Spielen immerhin 17 Gegentore entgegen.<\/p>\n<p>Der SV Zweckel wird am Sonntag auf dem Platz an der Plutostra\u00dfe 89 in Gelsenkirchen konzentriert zu Werke gehen m\u00fcssen, um weitere Punkte einzusammeln.<\/p>\n","protected":false},"excerpt":{"rendered":"<p>Sonntag, 16.09.18, 13:15 Uhr: Spfr. Bulmke II &#8211; SV Zweckel II Nach einer engagierten Vorstellung gegen die Spitzenmannschaft BV Rentfort III standen die Sch\u00fctzlinge von Karl Englich zum Spielende wieder mit leeren H\u00e4nden da. Mit 2:4 behielt der Aufstiegsaspirant die Oberhand und die Schwarz-Gr\u00fcnen warten weiter auf den zweiten Sieg in der Kreisliga B. Am [&hellip;]<\/p>\n","protected":false},"author":3,"featured_media":10649,"comment_status":"open","ping_status":"open","sticky":false,"template":"","format":"standard","meta":{"_jetpack_memberships_contains_paid_content":false,"footnotes":"","jetpack_publicize_message":"","jetpack_publicize_feature_enabled":true,"jetpack_social_post_already_shared":false,"jetpack_social_options":{"image_generator_settings":{"template":"highway","default_image_id":0,"font":"","enabled":false},"version":2}},"categories":[20],"tags":[],"class_list":["post-10771","post","type-post","status-publish","format-standard","has-post-thumbnail","hentry","category-2-mannschaft"],"jetpack_publicize_connections":[],"jetpack_featured_media_url":"https:\/\/i0.wp.com\/www.svzweckel.de\/wp-content\/uploads\/2018\/08\/DSC00986.jpg?fit=800%2C533&ssl=1","jetpack_sharing_enabled":true,"_links":{"self":[{"href":"https:\/\/www.svzweckel.de\/index.php?rest_route=\/wp\/v2\/posts\/10771","targetHints":{"allow":["GET"]}}],"collection":[{"href":"https:\/\/www.svzweckel.de\/index.php?rest_route=\/wp\/v2\/posts"}],"about":[{"href":"https:\/\/www.svzweckel.de\/index.php?rest_route=\/wp\/v2\/types\/post"}],"author":[{"embeddable":true,"href":"https:\/\/www.svzweckel.de\/index.php?rest_route=\/wp\/v2\/users\/3"}],"replies":[{"embeddable":true,"href":"https:\/\/www.svzweckel.de\/index.php?rest_route=%2Fwp%2Fv2%2Fcomments&post=10771"}],"version-history":[{"count":0,"href":"https:\/\/www.svzweckel.de\/index.php?rest_route=\/wp\/v2\/posts\/10771\/revisions"}],"wp:featuredmedia":[{"embeddable":true,"href":"https:\/\/www.svzweckel.de\/index.php?rest_route=\/wp\/v2\/media\/10649"}],"wp:attachment":[{"href":"https:\/\/www.svzweckel.de\/index.php?rest_route=%2Fwp%2Fv2%2Fmedia&parent=10771"}],"wp:term":[{"taxonomy":"category","embeddable":true,"href":"https:\/\/www.svzweckel.de\/index.php?rest_route=%2Fwp%2Fv2%2Fcategories&post=10771"},{"taxonomy":"post_tag","embeddable":true,"href":"https:\/\/www.svzweckel.de\/index.php?rest_route=%2Fwp%2Fv2%2Ftags&post=10771"}],"curies":[{"name":"wp","href":"https:\/\/api.w.org\/{rel}","templated":true}]}}