{"id":10898,"date":"2018-10-19T16:55:51","date_gmt":"2018-10-19T14:55:51","guid":{"rendered":"http:\/\/www.svzweckel.de\/?p=10898"},"modified":"2018-10-19T16:56:47","modified_gmt":"2018-10-19T14:56:47","slug":"sv-zweckel-ii-hat-nach-sieg-ueber-scholven-aufgeatmet-waz-vom-18-10-18","status":"publish","type":"post","link":"https:\/\/www.svzweckel.de\/?p=10898","title":{"rendered":"SV Zweckel II hat nach Sieg \u00fcber Scholven aufgeatmet (WAZ vom 18.10.18)"},"content":{"rendered":"<p class=\"article__paragraph p_7 \"><strong>SV Zweckel II \u2013 TSV Feldhausen.<\/strong><\/p>\n<p class=\"article__paragraph p_7 \">Aufatmen beim SV Zweckel II! Am vergangenen Sonntag fuhr die Elf von Trainer Karl Englich den dritten Saisonsieg ein und gewann bei Borussia Scholven mit 8:0.<\/p>\n<p class=\"article__paragraph p_8 \">Zufrieden war der Trainer jedoch nur mit dem Ergebnis. \u201eDie Art und Weise, wie wir gespielt haben, hat mir nicht gefallen. Da wollte jeder ein Tor schie\u00dfen. Wir h\u00e4tten viel h\u00f6her gewinnen m\u00fcssen\u201c, so der Coach nach dem Spiel. Dennoch: Die Zweckeler haben die Abstiegsr\u00e4nge verlassen, sind jetzt Zw\u00f6lfter und k\u00f6nnen am Sonntag die n\u00e4chsten Big Points landen.<\/p>\n<h4>F\u00fcr Zweckels Englich ist die Favoritenrolle nicht verteilt<\/h4>\n<p class=\"article__paragraph p_9 \">Es geht gegen den TSV Feldhausen, seines Zeichens punktgleich Tabellenletzter mit Borussia Scholven. Gewann der SVZ souver\u00e4n und hoch gegen Scholven, so verloren die Feldhausener gegen die Borussia vor wenigen Tagen mit 1:3.<\/p>\n<p class=\"article__paragraph p_10 \">Ist die Favoritenrollen also verteilt? \u201eNein\u201c, betont Karl Englich, auch wenn er sagt, dass das Spiele seien, die man gewinnen m\u00fcsse. \u201eStehst du unten drin und gewinnst ein Spiel, gewinnen alle anderen Teams auch. Stehst du oben, bleibst du oben. So ist es nun mal\u201c, sagt Englich vor dem Spiel gegen Feldhausen.<\/p>\n<p class=\"article__paragraph p_11 \">Ansto\u00df: So., 15 Uhr, Dorstener Stra\u00dfe.<\/p>\n","protected":false},"excerpt":{"rendered":"<p>SV Zweckel II \u2013 TSV Feldhausen. Aufatmen beim SV Zweckel II! Am vergangenen Sonntag fuhr die Elf von Trainer Karl Englich den dritten Saisonsieg ein und gewann bei Borussia Scholven mit 8:0. Zufrieden war der Trainer jedoch nur mit dem Ergebnis. \u201eDie Art und Weise, wie wir gespielt haben, hat mir nicht gefallen. Da wollte [&hellip;]<\/p>\n","protected":false},"author":3,"featured_media":10661,"comment_status":"open","ping_status":"open","sticky":false,"template":"","format":"standard","meta":{"_jetpack_memberships_contains_paid_content":false,"footnotes":"","jetpack_publicize_message":"","jetpack_publicize_feature_enabled":true,"jetpack_social_post_already_shared":false,"jetpack_social_options":{"image_generator_settings":{"template":"highway","default_image_id":0,"font":"","enabled":false},"version":2}},"categories":[20],"tags":[],"class_list":["post-10898","post","type-post","status-publish","format-standard","has-post-thumbnail","hentry","category-2-mannschaft"],"jetpack_publicize_connections":[],"jetpack_featured_media_url":"https:\/\/i0.wp.com\/www.svzweckel.de\/wp-content\/uploads\/2018\/08\/DSC00983.jpg?fit=800%2C533&ssl=1","jetpack_sharing_enabled":true,"_links":{"self":[{"href":"https:\/\/www.svzweckel.de\/index.php?rest_route=\/wp\/v2\/posts\/10898","targetHints":{"allow":["GET"]}}],"collection":[{"href":"https:\/\/www.svzweckel.de\/index.php?rest_route=\/wp\/v2\/posts"}],"about":[{"href":"https:\/\/www.svzweckel.de\/index.php?rest_route=\/wp\/v2\/types\/post"}],"author":[{"embeddable":true,"href":"https:\/\/www.svzweckel.de\/index.php?rest_route=\/wp\/v2\/users\/3"}],"replies":[{"embeddable":true,"href":"https:\/\/www.svzweckel.de\/index.php?rest_route=%2Fwp%2Fv2%2Fcomments&post=10898"}],"version-history":[{"count":0,"href":"https:\/\/www.svzweckel.de\/index.php?rest_route=\/wp\/v2\/posts\/10898\/revisions"}],"wp:featuredmedia":[{"embeddable":true,"href":"https:\/\/www.svzweckel.de\/index.php?rest_route=\/wp\/v2\/media\/10661"}],"wp:attachment":[{"href":"https:\/\/www.svzweckel.de\/index.php?rest_route=%2Fwp%2Fv2%2Fmedia&parent=10898"}],"wp:term":[{"taxonomy":"category","embeddable":true,"href":"https:\/\/www.svzweckel.de\/index.php?rest_route=%2Fwp%2Fv2%2Fcategories&post=10898"},{"taxonomy":"post_tag","embeddable":true,"href":"https:\/\/www.svzweckel.de\/index.php?rest_route=%2Fwp%2Fv2%2Ftags&post=10898"}],"curies":[{"name":"wp","href":"https:\/\/api.w.org\/{rel}","templated":true}]}}