{"id":11058,"date":"2018-12-02T18:18:41","date_gmt":"2018-12-02T17:18:41","guid":{"rendered":"http:\/\/www.svzweckel.de\/?p=11058"},"modified":"2018-12-02T18:18:41","modified_gmt":"2018-12-02T17:18:41","slug":"knapper-sieg-in-erle","status":"publish","type":"post","link":"https:\/\/www.svzweckel.de\/?p=11058","title":{"rendered":"Knapper Sieg in Erle"},"content":{"rendered":"<p>Eintracht Erle II &#8211; SV Zweckel 0:1<\/p>\n<p>Timurcan Tiska war erzielte in der 30. Minute den einzigen Treffer f\u00fcr den SV Zweckel, musste allerdings knapp f\u00fcnf Minuten sp\u00e4ter nach einem Allerwelstfoul den Platz verlassen, da der Schiedsrichter ihm den roten Karton pr\u00e4sentierte.<\/p>\n<p>Mit einem Spieler weniger standen die G\u00e4ste tief und lie\u00dfen in der ersten Halbzeit \u00fcberhaupt keine Torchance der Gastgeber zu. In der zweiten H\u00e4lfte verpassten es die Schwarz-Gr\u00fcnen, eine ihrer mehr als ein halbes Dutzend Torchancen zu verwerten, scheiterten aber immer wieder am Erler Keeper. Lediglich in der Schlussviertelstunde kamen die Erler etwas gef\u00e4hrlicher vor das Tor, doch die G\u00e4ste spielten die Partie souver\u00e4n zu Ende, so dass am Ende ein hochverdienter Sieg zu Buche schlug.<\/p>\n<p>Trainer Karl Englich stellte fest: &#8222;Wenn du 55 Minuten in Unterzahl spielst, kann kein sch\u00f6nes Spiel mehr entstehen. Aber ich bin hochzufrieden mit der Moral und der k\u00e4mpferischen Einstellung meiner Mannschaft.&#8220;<\/p>\n<p>Der letzte Auftritt der U23 findet am kommenden Samstag, 08.12.18, 13:30 Uhr, gegen Hansa Scholven in Zweckel statt.<\/p>\n","protected":false},"excerpt":{"rendered":"<p>Eintracht Erle II &#8211; SV Zweckel 0:1 Timurcan Tiska war erzielte in der 30. Minute den einzigen Treffer f\u00fcr den SV Zweckel, musste allerdings knapp f\u00fcnf Minuten sp\u00e4ter nach einem Allerwelstfoul den Platz verlassen, da der Schiedsrichter ihm den roten Karton pr\u00e4sentierte. Mit einem Spieler weniger standen die G\u00e4ste tief und lie\u00dfen in der ersten [&hellip;]<\/p>\n","protected":false},"author":3,"featured_media":11060,"comment_status":"open","ping_status":"open","sticky":false,"template":"","format":"standard","meta":{"_jetpack_memberships_contains_paid_content":false,"footnotes":"","jetpack_publicize_message":"","jetpack_publicize_feature_enabled":true,"jetpack_social_post_already_shared":false,"jetpack_social_options":{"image_generator_settings":{"template":"highway","default_image_id":0,"font":"","enabled":false},"version":2}},"categories":[20],"tags":[],"class_list":["post-11058","post","type-post","status-publish","format-standard","has-post-thumbnail","hentry","category-2-mannschaft"],"jetpack_publicize_connections":[],"jetpack_featured_media_url":"https:\/\/i0.wp.com\/www.svzweckel.de\/wp-content\/uploads\/2018\/12\/Erle-II.jpg?fit=800%2C702&ssl=1","jetpack_sharing_enabled":true,"_links":{"self":[{"href":"https:\/\/www.svzweckel.de\/index.php?rest_route=\/wp\/v2\/posts\/11058","targetHints":{"allow":["GET"]}}],"collection":[{"href":"https:\/\/www.svzweckel.de\/index.php?rest_route=\/wp\/v2\/posts"}],"about":[{"href":"https:\/\/www.svzweckel.de\/index.php?rest_route=\/wp\/v2\/types\/post"}],"author":[{"embeddable":true,"href":"https:\/\/www.svzweckel.de\/index.php?rest_route=\/wp\/v2\/users\/3"}],"replies":[{"embeddable":true,"href":"https:\/\/www.svzweckel.de\/index.php?rest_route=%2Fwp%2Fv2%2Fcomments&post=11058"}],"version-history":[{"count":0,"href":"https:\/\/www.svzweckel.de\/index.php?rest_route=\/wp\/v2\/posts\/11058\/revisions"}],"wp:featuredmedia":[{"embeddable":true,"href":"https:\/\/www.svzweckel.de\/index.php?rest_route=\/wp\/v2\/media\/11060"}],"wp:attachment":[{"href":"https:\/\/www.svzweckel.de\/index.php?rest_route=%2Fwp%2Fv2%2Fmedia&parent=11058"}],"wp:term":[{"taxonomy":"category","embeddable":true,"href":"https:\/\/www.svzweckel.de\/index.php?rest_route=%2Fwp%2Fv2%2Fcategories&post=11058"},{"taxonomy":"post_tag","embeddable":true,"href":"https:\/\/www.svzweckel.de\/index.php?rest_route=%2Fwp%2Fv2%2Ftags&post=11058"}],"curies":[{"name":"wp","href":"https:\/\/api.w.org\/{rel}","templated":true}]}}