{"id":11298,"date":"2019-01-21T12:57:22","date_gmt":"2019-01-21T11:57:22","guid":{"rendered":"http:\/\/www.svzweckel.de\/?p=11298"},"modified":"2019-01-21T12:57:40","modified_gmt":"2019-01-21T11:57:40","slug":"die-reserve-ist-die-ueberraschungsmannschaft","status":"publish","type":"post","link":"https:\/\/www.svzweckel.de\/?p=11298","title":{"rendered":"Die Reserve ist die \u00dcberraschungsmannschaft"},"content":{"rendered":"\n<p>In diesem Jahr wurden die Hallenstadtmeisterschaften erstmalig ohne die Unterteilung in Erst- und Zweit-\/Drittmannschaften ausgetragen. Aus diesem Grund trafen in der Vorrunde 18 Mannschaften in zwei Gruppen aufeinander.<\/p>\n<p>Mit drei Siegen und einer Niederlage wurde das Team von Karl Englich und Christian Greve Zweiter in der Gruppe A und zog in die Zwischenrunde am Sonntag ein.<\/p>\n<p>In der Gruppe B zog die Zweite hinter der Ersten in das Halbfinale gegen Preu\u00dfen Gladbeck ein. Bis zur Halbzeit konnte die Mannschaft das Spiel noch ausgeglichen gestalten, in der zweiten Halbzeit siegten die Preu\u00dfen dann jedoch noch klar mit 6:2.<\/p>\n<p>Das Spiel um Platz 3 gegen den BV Rentfort 3 wurde im Neunmeterschie\u00dfen ausgespielt, bei dem der SV Zweckel 2 das gl\u00fccklichere Ende f\u00fcr sich hatte und mit 2:1 gewann. Somit durfte die Zweite sehr \u00fcberraschend den dritten Platz der diesj\u00e4hrigen Hallenstadtmeisterschaften feiern.<\/p>\n<p>Herzlichen Gl\u00fcckwunsch!<\/p>\n","protected":false},"excerpt":{"rendered":"","protected":false},"author":3,"featured_media":11300,"comment_status":"open","ping_status":"open","sticky":false,"template":"","format":"standard","meta":{"_jetpack_memberships_contains_paid_content":false,"footnotes":"","jetpack_publicize_message":"","jetpack_publicize_feature_enabled":true,"jetpack_social_post_already_shared":false,"jetpack_social_options":{"image_generator_settings":{"template":"highway","default_image_id":0,"font":"","enabled":false},"version":2}},"categories":[20],"tags":[],"class_list":["post-11298","post","type-post","status-publish","format-standard","has-post-thumbnail","hentry","category-2-mannschaft"],"jetpack_publicize_connections":[],"jetpack_featured_media_url":"https:\/\/i0.wp.com\/www.svzweckel.de\/wp-content\/uploads\/2019\/01\/IMG-20190121-WA0001.jpg?fit=1600%2C900&ssl=1","jetpack_sharing_enabled":true,"_links":{"self":[{"href":"https:\/\/www.svzweckel.de\/index.php?rest_route=\/wp\/v2\/posts\/11298","targetHints":{"allow":["GET"]}}],"collection":[{"href":"https:\/\/www.svzweckel.de\/index.php?rest_route=\/wp\/v2\/posts"}],"about":[{"href":"https:\/\/www.svzweckel.de\/index.php?rest_route=\/wp\/v2\/types\/post"}],"author":[{"embeddable":true,"href":"https:\/\/www.svzweckel.de\/index.php?rest_route=\/wp\/v2\/users\/3"}],"replies":[{"embeddable":true,"href":"https:\/\/www.svzweckel.de\/index.php?rest_route=%2Fwp%2Fv2%2Fcomments&post=11298"}],"version-history":[{"count":0,"href":"https:\/\/www.svzweckel.de\/index.php?rest_route=\/wp\/v2\/posts\/11298\/revisions"}],"wp:featuredmedia":[{"embeddable":true,"href":"https:\/\/www.svzweckel.de\/index.php?rest_route=\/wp\/v2\/media\/11300"}],"wp:attachment":[{"href":"https:\/\/www.svzweckel.de\/index.php?rest_route=%2Fwp%2Fv2%2Fmedia&parent=11298"}],"wp:term":[{"taxonomy":"category","embeddable":true,"href":"https:\/\/www.svzweckel.de\/index.php?rest_route=%2Fwp%2Fv2%2Fcategories&post=11298"},{"taxonomy":"post_tag","embeddable":true,"href":"https:\/\/www.svzweckel.de\/index.php?rest_route=%2Fwp%2Fv2%2Ftags&post=11298"}],"curies":[{"name":"wp","href":"https:\/\/api.w.org\/{rel}","templated":true}]}}