{"id":1132,"date":"2014-10-07T09:05:42","date_gmt":"2014-10-07T09:05:42","guid":{"rendered":"http:\/\/www.svzweckel.de\/?p=1132"},"modified":"2014-10-07T09:06:46","modified_gmt":"2014-10-07T09:06:46","slug":"zweckeler-kopfsache-waz-vom-07-10-14","status":"publish","type":"post","link":"https:\/\/www.svzweckel.de\/?p=1132","title":{"rendered":"Zweckeler Kopfsache (WAZ vom 07.10.14"},"content":{"rendered":"<div>Trainer G\u00fcnter Appelt bekommt die Probleme des Gladbecker Oberligisten SV Zweckel bisher nicht in den Griff: mangelhafte Chancenverwertung und Konzentrationsm\u00e4ngel in der Schlussphase. Spitzenreiter Ahlen verpr\u00fcgelt Westfalia Herne.<br \/>\nG\u00fcnter Appelt, Trainer des SV Zweckel, \u00e4u\u00dferte nach der 1:2-Niederlage beim ASC Dortmund die Hoffnung, das neuerliche Gegentor in den Schlussminuten und die damit einhergehenden Punktverluste w\u00fcrden sich nicht in den K\u00f6pfen seiner Spieler festsetzen. Doch das d\u00fcrfte l\u00e4ngst passiert sein, und es ist den Spielern in Schwarz-Gr\u00fcn nicht einmal \u00fcbel zu nehmen. Wie auch? Eine irgendwie fehlgeleitete, b\u00f6swillige Absicht steckt ganz sicher nicht dahinter, sich in sch\u00f6ner Regelm\u00e4\u00dfigkeit kurz vor Toreschluss einschenken zu lassen.<br \/>\nEs ist wohl eher die Sorge, das vermeintlich Erreichte wiederherzuschenken, die dem einen oder anderen Kopf und Beine l\u00e4hmt, die Konzentration und Fokus ganz empfindlich st\u00f6rt, wenn die Spielzeit ihrem Ende naht. Und dann tritt ein, was man doch tunlichst vermeiden wollte. \u201eDas ist jetzt das dritte oder vierte Mal, dass wir in der 90. Minute bestraft werden\u201c, moniert Appelt, der das Zweckeler Problem l\u00e4ngst erkannt hat, nur eben noch nicht hat l\u00f6sen k\u00f6nnen. \u201eBestraft\u201c w\u00e4hlt der SVZ-Coach dabei nicht zuf\u00e4llig, tats\u00e4chlich sind die j\u00fcngsten Resultate eine Strafe f\u00fcr schwarz-gr\u00fcne Ineffizienz. Mit wenigen Ausnahmen n\u00e4mlich erspielte sich die Appelt-Elf in jedem der bisher acht Partien Phasen der \u00dcberlegenheit, die zu Chancen f\u00fchrten. Die Crux: Das Verh\u00e4ltnis Chancen zu Treffern ist ein alarmierend ungleiches. Instinkt ist die eine Sache. Aber, und das sollte Mut machen, auch die F\u00e4higkeit, vor dem Tor die richtigen Entscheidungen zu treffen, ist trainierbar. Vielleicht folgt ja schon im Derby gegen den VfB H\u00fcls am kommenden Sonntag endlich der aus Gladbecker Sicht so dringend n\u00f6tige Lernnachweis.<br \/>\nDringend auch, weil der VfB H\u00fcls nach zwei Pleiten gegen den ASC Dortmund und Lippstadt wieder in die Erfolgsspur zur\u00fcck gefunden hat. Mit 4:2 schickten die Marler die TSG Sprockh\u00f6vel auf die Heimreise, die ehemaligen Zweckeler Andre Koch, Marko Onucka und Sebastian Freyni trafen &#8211; und werden gegen ihren Ex-Klub nicht weniger motiviert sein.<br \/>\nDie Motivation der Spieler von Westfalia Herne, am Dienstag zum Training zu erscheinen, d\u00fcrfte gen Null tendieren. Nach der 1:6-Klatsche gegen Spitzenreiter RW Ahlen polterte der weiter sieglose SCW-Trainer Manuel B\u00f6lstler: \u201eWir m\u00fcssen \u00fcber nichts mehr diskutieren. Wer so viele individuelle Fehler in allen Mannschaftsteilen macht, der wird kein Spiel mehr gewinnen.&#8220;<\/div>\n","protected":false},"excerpt":{"rendered":"<p>Trainer G\u00fcnter Appelt bekommt die Probleme des Gladbecker Oberligisten SV Zweckel bisher nicht in den Griff: mangelhafte Chancenverwertung und Konzentrationsm\u00e4ngel in der Schlussphase. Spitzenreiter Ahlen verpr\u00fcgelt Westfalia Herne. G\u00fcnter Appelt, Trainer des SV Zweckel, \u00e4u\u00dferte nach der 1:2-Niederlage beim ASC Dortmund die Hoffnung, das neuerliche Gegentor in den Schlussminuten und die damit einhergehenden Punktverluste w\u00fcrden [&hellip;]<\/p>\n","protected":false},"author":3,"featured_media":1134,"comment_status":"open","ping_status":"open","sticky":false,"template":"","format":"standard","meta":{"_jetpack_memberships_contains_paid_content":false,"footnotes":"","jetpack_publicize_message":"","jetpack_publicize_feature_enabled":true,"jetpack_social_post_already_shared":false,"jetpack_social_options":{"image_generator_settings":{"template":"highway","default_image_id":0,"font":"","enabled":false},"version":2}},"categories":[1],"tags":[],"class_list":["post-1132","post","type-post","status-publish","format-standard","has-post-thumbnail","hentry","category-uncategorized"],"jetpack_publicize_connections":[],"jetpack_featured_media_url":"https:\/\/i0.wp.com\/www.svzweckel.de\/wp-content\/uploads\/2014\/10\/Fussball-Oberliga-SV-Zweckel.jpg?fit=656%2C240&ssl=1","jetpack_sharing_enabled":true,"_links":{"self":[{"href":"https:\/\/www.svzweckel.de\/index.php?rest_route=\/wp\/v2\/posts\/1132","targetHints":{"allow":["GET"]}}],"collection":[{"href":"https:\/\/www.svzweckel.de\/index.php?rest_route=\/wp\/v2\/posts"}],"about":[{"href":"https:\/\/www.svzweckel.de\/index.php?rest_route=\/wp\/v2\/types\/post"}],"author":[{"embeddable":true,"href":"https:\/\/www.svzweckel.de\/index.php?rest_route=\/wp\/v2\/users\/3"}],"replies":[{"embeddable":true,"href":"https:\/\/www.svzweckel.de\/index.php?rest_route=%2Fwp%2Fv2%2Fcomments&post=1132"}],"version-history":[{"count":0,"href":"https:\/\/www.svzweckel.de\/index.php?rest_route=\/wp\/v2\/posts\/1132\/revisions"}],"wp:featuredmedia":[{"embeddable":true,"href":"https:\/\/www.svzweckel.de\/index.php?rest_route=\/wp\/v2\/media\/1134"}],"wp:attachment":[{"href":"https:\/\/www.svzweckel.de\/index.php?rest_route=%2Fwp%2Fv2%2Fmedia&parent=1132"}],"wp:term":[{"taxonomy":"category","embeddable":true,"href":"https:\/\/www.svzweckel.de\/index.php?rest_route=%2Fwp%2Fv2%2Fcategories&post=1132"},{"taxonomy":"post_tag","embeddable":true,"href":"https:\/\/www.svzweckel.de\/index.php?rest_route=%2Fwp%2Fv2%2Ftags&post=1132"}],"curies":[{"name":"wp","href":"https:\/\/api.w.org\/{rel}","templated":true}]}}