{"id":11543,"date":"2019-03-16T20:45:53","date_gmt":"2019-03-16T19:45:53","guid":{"rendered":"http:\/\/www.svzweckel.de\/?p=11543"},"modified":"2019-03-16T20:45:53","modified_gmt":"2019-03-16T19:45:53","slug":"karl-englichs-arbeit-traegt-offensichtlich-fruechte-waz-vom-14-03-19","status":"publish","type":"post","link":"https:\/\/www.svzweckel.de\/?p=11543","title":{"rendered":"Karl Englichs Arbeit tr\u00e4gt offensichtlich Fr\u00fcchte (WAZ vom 14.03.19)"},"content":{"rendered":"<p>SV Zweckel II \u2013 Spfr. Bulmke II<\/p>\n<p>Karl Englichs Arbeit tr\u00e4gt offensichtlich Fr\u00fcchte. Ziel der im Sommer gegr\u00fcndeten U23 war und ist es, Spieler auszubilden, die \u00fcber kurz oder lang den Sprung in die Bezirksliga-Mannschaft des SV Zweckel schaffen. In Lasse Neubauer, Timurcan Tiska und Benjamin Flohr geh\u00f6ren nun bereits drei Spieler aus der Zweiten zum festen Bestandteil der Erstvertretung. Das hat nat\u00fcrlich auch Auswirkungen auf Englich und sein Team.<br \/>\n\u201eDaf\u00fcr m\u00fcssen nun andere in die Bresche springen und Leistungen zeigen. Ich bin jedenfalls wahnsinnig stolz, dass es jetzt schon drei Spieler in die erste Mannschaft geschafft haben. Das ist ein Zeichen, dass wir gut arbeiten\u201c, erkl\u00e4rt Englich, dessen Team am Sonntag die Sportfreunde Bulmke II empf\u00e4ngt. In der Hinrunde zahlten die Schwarz-Gr\u00fcnen Lehrgeld und kassierten acht Gegentore. \u201eSo viele wird es am Sonntag nicht geben\u201c, ist sich Englich sicher.<br \/>\nAnsto\u00df: So., 15 Uhr, Dorstener Stra\u00dfe.<\/p>\n","protected":false},"excerpt":{"rendered":"<p>SV Zweckel II \u2013 Spfr. Bulmke II Karl Englichs Arbeit tr\u00e4gt offensichtlich Fr\u00fcchte. Ziel der im Sommer gegr\u00fcndeten U23 war und ist es, Spieler auszubilden, die \u00fcber kurz oder lang den Sprung in die Bezirksliga-Mannschaft des SV Zweckel schaffen. In Lasse Neubauer, Timurcan Tiska und Benjamin Flohr geh\u00f6ren nun bereits drei Spieler aus der Zweiten [&hellip;]<\/p>\n","protected":false},"author":3,"featured_media":10661,"comment_status":"open","ping_status":"open","sticky":false,"template":"","format":"standard","meta":{"_jetpack_memberships_contains_paid_content":false,"footnotes":"","jetpack_publicize_message":"","jetpack_publicize_feature_enabled":true,"jetpack_social_post_already_shared":false,"jetpack_social_options":{"image_generator_settings":{"template":"highway","default_image_id":0,"font":"","enabled":false},"version":2}},"categories":[20],"tags":[],"class_list":["post-11543","post","type-post","status-publish","format-standard","has-post-thumbnail","hentry","category-2-mannschaft"],"jetpack_publicize_connections":[],"jetpack_featured_media_url":"https:\/\/i0.wp.com\/www.svzweckel.de\/wp-content\/uploads\/2018\/08\/DSC00983.jpg?fit=800%2C533&ssl=1","jetpack_sharing_enabled":true,"_links":{"self":[{"href":"https:\/\/www.svzweckel.de\/index.php?rest_route=\/wp\/v2\/posts\/11543","targetHints":{"allow":["GET"]}}],"collection":[{"href":"https:\/\/www.svzweckel.de\/index.php?rest_route=\/wp\/v2\/posts"}],"about":[{"href":"https:\/\/www.svzweckel.de\/index.php?rest_route=\/wp\/v2\/types\/post"}],"author":[{"embeddable":true,"href":"https:\/\/www.svzweckel.de\/index.php?rest_route=\/wp\/v2\/users\/3"}],"replies":[{"embeddable":true,"href":"https:\/\/www.svzweckel.de\/index.php?rest_route=%2Fwp%2Fv2%2Fcomments&post=11543"}],"version-history":[{"count":0,"href":"https:\/\/www.svzweckel.de\/index.php?rest_route=\/wp\/v2\/posts\/11543\/revisions"}],"wp:featuredmedia":[{"embeddable":true,"href":"https:\/\/www.svzweckel.de\/index.php?rest_route=\/wp\/v2\/media\/10661"}],"wp:attachment":[{"href":"https:\/\/www.svzweckel.de\/index.php?rest_route=%2Fwp%2Fv2%2Fmedia&parent=11543"}],"wp:term":[{"taxonomy":"category","embeddable":true,"href":"https:\/\/www.svzweckel.de\/index.php?rest_route=%2Fwp%2Fv2%2Fcategories&post=11543"},{"taxonomy":"post_tag","embeddable":true,"href":"https:\/\/www.svzweckel.de\/index.php?rest_route=%2Fwp%2Fv2%2Ftags&post=11543"}],"curies":[{"name":"wp","href":"https:\/\/api.w.org\/{rel}","templated":true}]}}