{"id":11684,"date":"2019-04-05T15:32:40","date_gmt":"2019-04-05T13:32:40","guid":{"rendered":"http:\/\/www.svzweckel.de\/?p=11684"},"modified":"2019-04-05T15:32:40","modified_gmt":"2019-04-05T13:32:40","slug":"dfb-mobil-beim-sv-zweckel","status":"publish","type":"post","link":"https:\/\/www.svzweckel.de\/?p=11684","title":{"rendered":"DFB-Mobil beim SV Zweckel"},"content":{"rendered":"<p>Am 10.4.2019 ist das DFB-Mobil zu Besuch beim SV Zweckel.<\/p>\n<p>Der DFB kommt mit seinen Trainern direkt an die Basis! Seit 10 Jahren hat diese Ma\u00dfnahme das Ziel, den Nachwuchstrainern, die \u00fcberwiegend nicht lizenziert sind, direkt und unkompliziert praktische Tipps zu geben.<\/p>\n<p>Neben einem Demonstrationstraining werden die Vereine \u00fcber weitere Bildungsangebote sowie \u00fcber Zukunftsthemen des Fu\u00dfballs informiert. Nach dem Training folgt ein Informationsblock zu den Themen Nachbesprechung der Praxis, Qualifizierung, Amateurfu\u00dfballkampagne sowie Landesverbandsthemen.<\/p>\n<p>Also&#8230;..Immer am Ball bleiben.<\/p>\n","protected":false},"excerpt":{"rendered":"<p>Am 10.4.2019 ist das DFB-Mobil zu Besuch beim SV Zweckel. Der DFB kommt mit seinen Trainern direkt an die Basis! Seit 10 Jahren hat diese Ma\u00dfnahme das Ziel, den Nachwuchstrainern, die \u00fcberwiegend nicht lizenziert sind, direkt und unkompliziert praktische Tipps zu geben. Neben einem Demonstrationstraining werden die Vereine \u00fcber weitere Bildungsangebote sowie \u00fcber Zukunftsthemen des [&hellip;]<\/p>\n","protected":false},"author":3,"featured_media":11685,"comment_status":"open","ping_status":"open","sticky":false,"template":"","format":"standard","meta":{"_jetpack_memberships_contains_paid_content":false,"footnotes":"","jetpack_publicize_message":"","jetpack_publicize_feature_enabled":true,"jetpack_social_post_already_shared":false,"jetpack_social_options":{"image_generator_settings":{"template":"highway","default_image_id":0,"font":"","enabled":false},"version":2}},"categories":[10],"tags":[],"class_list":["post-11684","post","type-post","status-publish","format-standard","has-post-thumbnail","hentry","category-nachwuchs"],"jetpack_publicize_connections":[],"jetpack_featured_media_url":"https:\/\/i0.wp.com\/www.svzweckel.de\/wp-content\/uploads\/2019\/04\/DFB-Mobil.jpeg?fit=800%2C508&ssl=1","jetpack_sharing_enabled":true,"_links":{"self":[{"href":"https:\/\/www.svzweckel.de\/index.php?rest_route=\/wp\/v2\/posts\/11684","targetHints":{"allow":["GET"]}}],"collection":[{"href":"https:\/\/www.svzweckel.de\/index.php?rest_route=\/wp\/v2\/posts"}],"about":[{"href":"https:\/\/www.svzweckel.de\/index.php?rest_route=\/wp\/v2\/types\/post"}],"author":[{"embeddable":true,"href":"https:\/\/www.svzweckel.de\/index.php?rest_route=\/wp\/v2\/users\/3"}],"replies":[{"embeddable":true,"href":"https:\/\/www.svzweckel.de\/index.php?rest_route=%2Fwp%2Fv2%2Fcomments&post=11684"}],"version-history":[{"count":0,"href":"https:\/\/www.svzweckel.de\/index.php?rest_route=\/wp\/v2\/posts\/11684\/revisions"}],"wp:featuredmedia":[{"embeddable":true,"href":"https:\/\/www.svzweckel.de\/index.php?rest_route=\/wp\/v2\/media\/11685"}],"wp:attachment":[{"href":"https:\/\/www.svzweckel.de\/index.php?rest_route=%2Fwp%2Fv2%2Fmedia&parent=11684"}],"wp:term":[{"taxonomy":"category","embeddable":true,"href":"https:\/\/www.svzweckel.de\/index.php?rest_route=%2Fwp%2Fv2%2Fcategories&post=11684"},{"taxonomy":"post_tag","embeddable":true,"href":"https:\/\/www.svzweckel.de\/index.php?rest_route=%2Fwp%2Fv2%2Ftags&post=11684"}],"curies":[{"name":"wp","href":"https:\/\/api.w.org\/{rel}","templated":true}]}}