{"id":11777,"date":"2019-05-07T18:54:53","date_gmt":"2019-05-07T16:54:53","guid":{"rendered":"http:\/\/www.svzweckel.de\/?p=11777"},"modified":"2019-05-07T19:05:58","modified_gmt":"2019-05-07T17:05:58","slug":"zweckel-entdreamed-team-dorsten-hervest","status":"publish","type":"post","link":"https:\/\/www.svzweckel.de\/?p=11777","title":{"rendered":"Zweckel\u00a0 ent\u201cdreamed\u201c \u00a0Team Dorsten Hervest"},"content":{"rendered":"<p>Am Samstag begegneten sich die beiden Teams der Tabellenspitze.\u00a0 Zum einen die Jungs des 1. Zweckler Dartvereins und zum anderen das \u00a0\u201eDream Team\u201c aus Dorsten-Hervest. Beide Mannschaften sind bis dato durch teils beeindruckende Ergebnisse aufgefallen, wobei sie auch jeweils einmal patzten.<\/p>\n<p>Der Start war diesmal nicht der Beste: Christian Kulik und Ralf Schubert verloren zum Auftakt ihr Doppel.\u00a0 Christian Breuing und Steven Marckowiak waren aber sofort zur Stelle und glichen durch ihren souver\u00e4nen Sieg sofort aus.<\/p>\n<p>Die Zweckler machten ab da ihre Sache sehr gut, sodass sie bis zur 10:2-F\u00fchrung durchzogen. Von der eigenen Konsequenz \u00fcberrascht stockte ab da der Motor und so kam es zu einem 13:7 Ausw\u00e4rtssieg gepaart mit der alleinigen Tabellenf\u00fchrung.<\/p>\n<p>Man konnte sehen warum Dorsten oben in der Tabelle steht, viele Spiele waren auf Messers Schneide und mit dem gl\u00fccklicheren Ende f\u00fcr den 1. Zweckel Dartverein. Aber kann man bei der H\u00e4ufigkeit der gewonnen knappen Spiele noch von Gl\u00fcck reden?<\/p>\n<p>Man wei\u00df es nicht.<\/p>\n<p>F\u00fcr den 1. Zweckler Dartverein waren in Aktion:<br \/>\nChristian Scheuplein, Steven Marckowiak, Ralf Schubert, Christian Breuing und Christian Kulik<\/p>\n<p>Am n\u00e4chsten Freitag, 10. Mai 2019, findet\u00a0 das letzte Spiel der Hinrunde statt. \u00dcber Unterst\u00fctzung freut sich der aktuelle Tabellenf\u00fchrer der Bezirksliga 2. Vielleicht kann ja die Herbstmeisterschaft (im Fr\u00fchling)\u00a0 klar gemacht werden.<\/p>\n<p>Anwurf ist um 20 Uhr im SVZ-Treff!<\/p>\n<p><img data-recalc-dims=\"1\" loading=\"lazy\" decoding=\"async\" class=\"wp-image-11781 alignleft\" src=\"https:\/\/i0.wp.com\/www.svzweckel.de\/wp-content\/uploads\/2019\/05\/Anmerkung-2019-05-07-190145.png?resize=557%2C296&#038;ssl=1\" alt=\"\" width=\"557\" height=\"296\" srcset=\"https:\/\/i0.wp.com\/www.svzweckel.de\/wp-content\/uploads\/2019\/05\/Anmerkung-2019-05-07-190145.png?w=800&amp;ssl=1 800w, https:\/\/i0.wp.com\/www.svzweckel.de\/wp-content\/uploads\/2019\/05\/Anmerkung-2019-05-07-190145.png?resize=300%2C159&amp;ssl=1 300w, https:\/\/i0.wp.com\/www.svzweckel.de\/wp-content\/uploads\/2019\/05\/Anmerkung-2019-05-07-190145.png?resize=768%2C408&amp;ssl=1 768w, https:\/\/i0.wp.com\/www.svzweckel.de\/wp-content\/uploads\/2019\/05\/Anmerkung-2019-05-07-190145.png?resize=150%2C80&amp;ssl=1 150w, https:\/\/i0.wp.com\/www.svzweckel.de\/wp-content\/uploads\/2019\/05\/Anmerkung-2019-05-07-190145.png?resize=100%2C53&amp;ssl=1 100w, https:\/\/i0.wp.com\/www.svzweckel.de\/wp-content\/uploads\/2019\/05\/Anmerkung-2019-05-07-190145.png?resize=50%2C27&amp;ssl=1 50w, https:\/\/i0.wp.com\/www.svzweckel.de\/wp-content\/uploads\/2019\/05\/Anmerkung-2019-05-07-190145.png?resize=25%2C13&amp;ssl=1 25w, https:\/\/i0.wp.com\/www.svzweckel.de\/wp-content\/uploads\/2019\/05\/Anmerkung-2019-05-07-190145.png?resize=602%2C320&amp;ssl=1 602w, https:\/\/i0.wp.com\/www.svzweckel.de\/wp-content\/uploads\/2019\/05\/Anmerkung-2019-05-07-190145.png?resize=160%2C85&amp;ssl=1 160w\" sizes=\"auto, (max-width: 557px) 100vw, 557px\" \/><\/p>\n","protected":false},"excerpt":{"rendered":"<p>Am Samstag begegneten sich die beiden Teams der Tabellenspitze.\u00a0 Zum einen die Jungs des 1. Zweckler Dartvereins und zum anderen das \u00a0\u201eDream Team\u201c aus Dorsten-Hervest. Beide Mannschaften sind bis dato durch teils beeindruckende Ergebnisse aufgefallen, wobei sie auch jeweils einmal patzten. Der Start war diesmal nicht der Beste: Christian Kulik und Ralf Schubert verloren zum [&hellip;]<\/p>\n","protected":false},"author":3,"featured_media":11784,"comment_status":"open","ping_status":"open","sticky":false,"template":"","format":"standard","meta":{"_jetpack_memberships_contains_paid_content":false,"footnotes":"","jetpack_publicize_message":"","jetpack_publicize_feature_enabled":true,"jetpack_social_post_already_shared":false,"jetpack_social_options":{"image_generator_settings":{"template":"highway","default_image_id":0,"font":"","enabled":false},"version":2}},"categories":[48],"tags":[],"class_list":["post-11777","post","type-post","status-publish","format-standard","has-post-thumbnail","hentry","category-darts-abteilung"],"jetpack_publicize_connections":[],"jetpack_featured_media_url":"https:\/\/i0.wp.com\/www.svzweckel.de\/wp-content\/uploads\/2019\/05\/DSC03263.jpg?fit=800%2C533&ssl=1","jetpack_sharing_enabled":true,"_links":{"self":[{"href":"https:\/\/www.svzweckel.de\/index.php?rest_route=\/wp\/v2\/posts\/11777","targetHints":{"allow":["GET"]}}],"collection":[{"href":"https:\/\/www.svzweckel.de\/index.php?rest_route=\/wp\/v2\/posts"}],"about":[{"href":"https:\/\/www.svzweckel.de\/index.php?rest_route=\/wp\/v2\/types\/post"}],"author":[{"embeddable":true,"href":"https:\/\/www.svzweckel.de\/index.php?rest_route=\/wp\/v2\/users\/3"}],"replies":[{"embeddable":true,"href":"https:\/\/www.svzweckel.de\/index.php?rest_route=%2Fwp%2Fv2%2Fcomments&post=11777"}],"version-history":[{"count":0,"href":"https:\/\/www.svzweckel.de\/index.php?rest_route=\/wp\/v2\/posts\/11777\/revisions"}],"wp:featuredmedia":[{"embeddable":true,"href":"https:\/\/www.svzweckel.de\/index.php?rest_route=\/wp\/v2\/media\/11784"}],"wp:attachment":[{"href":"https:\/\/www.svzweckel.de\/index.php?rest_route=%2Fwp%2Fv2%2Fmedia&parent=11777"}],"wp:term":[{"taxonomy":"category","embeddable":true,"href":"https:\/\/www.svzweckel.de\/index.php?rest_route=%2Fwp%2Fv2%2Fcategories&post=11777"},{"taxonomy":"post_tag","embeddable":true,"href":"https:\/\/www.svzweckel.de\/index.php?rest_route=%2Fwp%2Fv2%2Ftags&post=11777"}],"curies":[{"name":"wp","href":"https:\/\/api.w.org\/{rel}","templated":true}]}}