{"id":11800,"date":"2019-05-13T21:09:12","date_gmt":"2019-05-13T19:09:12","guid":{"rendered":"http:\/\/www.svzweckel.de\/?p=11800"},"modified":"2019-05-13T21:09:21","modified_gmt":"2019-05-13T19:09:21","slug":"herbstmeister-ole-ole","status":"publish","type":"post","link":"https:\/\/www.svzweckel.de\/?p=11800","title":{"rendered":"Herbstmeister \u00d3le \u00d3le"},"content":{"rendered":"<p style=\"margin-bottom: 9.75pt;\"><span style=\"font-size: 11.0pt; font-family: 'Calibri',sans-serif;\">Ein Schritt weiter zum ganz gro\u00dfen Ziel\u2026\u2026\u2026<\/span><\/p>\n<p style=\"margin-bottom: 9.75pt;\"><span style=\"font-size: 11.0pt; font-family: 'Calibri',sans-serif;\">Am vergangenen Freitag wurde eine starke Hinrunde des 1. Zweckler Dartverein mit dem sch\u00f6nen Titel \u201eHerbstmeisterschaft (Hinrunden Sieger)\u201c gegen die Eickler Pfeile gekr\u00f6nt. Gegen tolle Dartfreunde aus Herne wurden viele Spiele sprichw\u00f6rtlich \u201eauf Messers Schneide\u201c entschieden. <\/span><\/p>\n<p style=\"margin-bottom: 9.75pt;\"><span style=\"font-size: 11.0pt; font-family: 'Calibri',sans-serif;\">F\u00fcr die Zweckler an die Abwurflinie (Oche) gingen Christian Kulik \u201eHerrn Kuss\u201c, Ralf Schubert \u201eSchubi\u201c, \u00a0Christian Breuing \u201eBunny the Beats\u201c, R\u00fcdiger Groschke \u201eRG47\u201c, der Captian Steven Marckowiak \u201eThe Grinch\u201c, Simon Reinermann \u201eOver the Tops\u201c und El Patron pers\u00f6nlich Sebastian Schroer \u201eCorky\u201c der direkt nach seinem Mexico Urlaub keine Zweifel aufkommen lie\u00df, um diese super Truppe mit gen\u00fcgend D\u00fcpd\u00fcd\u00fc\u00fc\u00fc zu unterst\u00fctzen. <\/span><\/p>\n<p style=\"margin-bottom: 9.75pt;\"><span style=\"font-size: 11.0pt; font-family: 'Calibri',sans-serif;\">Schnell mussten die Jungs feststellen, dass hier ein zu Unrecht im untern Tabellenabschnitt liegender Gegner an den Start ging. Das erste Doppel ging prompt f\u00fcr die Eickler aus. Aber die Zweckler sind nicht umsonst an der Tabellenspitze wenn sie nicht auch mit holprigen Startschwierigkeit umgehen k\u00f6nnen und so folgte direkt die Antwort von unsrem Captian \u201eThe Grinch\u201c und seinem Doppelpartner \u201eBunny the Beast\u201c. In den darauf folgenden Einzel- und Doppelbegegnungen wurde noch h\u00e4ufiger klar, dass hier der Gegner, dem Zweckel gegen\u00fcber stand, wusste, wie er die Pfeile werfen muss.\u00a0 Die Zweckeler Jungs hatten leider das ein oder andere Mal die ber\u00fchmt ber\u00fcchtigte check-Krankheit. Dies wurde dann in vielen Legs vom Gegner direkt ausgenutzt. Da die Jungs aber vor heimischem Publikum spielten und diese es Verstanden im richtigen Moment anzufeuern, wurde von den Zweckeler Dartern nochmal alles rausgeholt.<\/span><\/p>\n<p style=\"margin-bottom: 9.75pt;\"><span style=\"font-size: 11.0pt; font-family: 'Calibri',sans-serif;\">Am Ende war es zwar ein 17:3 Erfolg f\u00fcr den 1. Zweckler Dartverein aber es waren einige knappere Spiele\u00a0 dabei, die wirklich h\u00e4ufig erst auf Doppel endschieden wurden.<\/span><\/p>\n<p style=\"margin-bottom: 9.75pt;\"><span style=\"font-size: 11.0pt; font-family: 'Calibri',sans-serif;\">Es war ein super Abend mit einem fairen und tollen Gegner, der mit der Herbstmeisterschaft und ausgelassener Stimmung beendet wurde. <\/span><\/p>\n<p style=\"margin-bottom: 9.75pt;\"><span style=\"font-size: 11.0pt; font-family: 'Calibri',sans-serif;\">Die Zweckeler freuen sich jetzt schon auf ein spannendes R\u00fcckspiel in Herne, wo es wieder hei\u00dfen wird \u201ealles geben\u201c. <\/span><\/p>\n<p style=\"margin-bottom: 9.75pt;\"><span style=\"font-size: 11.0pt; font-family: 'Calibri',sans-serif;\">Am 24.05. hei\u00dft es dann zuhause, R\u00fcckrundenstart gegen die Dartfreunde aus Dortmund \u201eWicked Darts\u201c. \u00a0Ab 20:00 Uhr ist Anwurf. <\/span><\/p>\n<p style=\"margin-bottom: 9.75pt;\"><span style=\"font-size: 11.0pt; font-family: 'Calibri',sans-serif;\">\u00dcber zahlreiche Unterst\u00fctzung w\u00fcrden die Jungs sich freuen. <\/span><\/p>\n","protected":false},"excerpt":{"rendered":"<p>Ein Schritt weiter zum ganz gro\u00dfen Ziel\u2026\u2026\u2026 Am vergangenen Freitag wurde eine starke Hinrunde des 1. Zweckler Dartverein mit dem sch\u00f6nen Titel \u201eHerbstmeisterschaft (Hinrunden Sieger)\u201c gegen die Eickler Pfeile gekr\u00f6nt. Gegen tolle Dartfreunde aus Herne wurden viele Spiele sprichw\u00f6rtlich \u201eauf Messers Schneide\u201c entschieden. F\u00fcr die Zweckler an die Abwurflinie (Oche) gingen Christian Kulik \u201eHerrn Kuss\u201c, [&hellip;]<\/p>\n","protected":false},"author":3,"featured_media":11802,"comment_status":"open","ping_status":"open","sticky":false,"template":"","format":"standard","meta":{"_jetpack_memberships_contains_paid_content":false,"footnotes":"","jetpack_publicize_message":"","jetpack_publicize_feature_enabled":true,"jetpack_social_post_already_shared":false,"jetpack_social_options":{"image_generator_settings":{"template":"highway","default_image_id":0,"font":"","enabled":false},"version":2}},"categories":[48],"tags":[],"class_list":["post-11800","post","type-post","status-publish","format-standard","has-post-thumbnail","hentry","category-darts-abteilung"],"jetpack_publicize_connections":[],"jetpack_featured_media_url":"https:\/\/i0.wp.com\/www.svzweckel.de\/wp-content\/uploads\/2019\/05\/DSC03277.jpg?fit=800%2C533&ssl=1","jetpack_sharing_enabled":true,"_links":{"self":[{"href":"https:\/\/www.svzweckel.de\/index.php?rest_route=\/wp\/v2\/posts\/11800","targetHints":{"allow":["GET"]}}],"collection":[{"href":"https:\/\/www.svzweckel.de\/index.php?rest_route=\/wp\/v2\/posts"}],"about":[{"href":"https:\/\/www.svzweckel.de\/index.php?rest_route=\/wp\/v2\/types\/post"}],"author":[{"embeddable":true,"href":"https:\/\/www.svzweckel.de\/index.php?rest_route=\/wp\/v2\/users\/3"}],"replies":[{"embeddable":true,"href":"https:\/\/www.svzweckel.de\/index.php?rest_route=%2Fwp%2Fv2%2Fcomments&post=11800"}],"version-history":[{"count":0,"href":"https:\/\/www.svzweckel.de\/index.php?rest_route=\/wp\/v2\/posts\/11800\/revisions"}],"wp:featuredmedia":[{"embeddable":true,"href":"https:\/\/www.svzweckel.de\/index.php?rest_route=\/wp\/v2\/media\/11802"}],"wp:attachment":[{"href":"https:\/\/www.svzweckel.de\/index.php?rest_route=%2Fwp%2Fv2%2Fmedia&parent=11800"}],"wp:term":[{"taxonomy":"category","embeddable":true,"href":"https:\/\/www.svzweckel.de\/index.php?rest_route=%2Fwp%2Fv2%2Fcategories&post=11800"},{"taxonomy":"post_tag","embeddable":true,"href":"https:\/\/www.svzweckel.de\/index.php?rest_route=%2Fwp%2Fv2%2Ftags&post=11800"}],"curies":[{"name":"wp","href":"https:\/\/api.w.org\/{rel}","templated":true}]}}