{"id":11839,"date":"2019-05-27T21:54:33","date_gmt":"2019-05-27T19:54:33","guid":{"rendered":"http:\/\/www.svzweckel.de\/?p=11839"},"modified":"2019-05-27T21:55:18","modified_gmt":"2019-05-27T19:55:18","slug":"11839-2","status":"publish","type":"post","link":"https:\/\/www.svzweckel.de\/?p=11839","title":{"rendered":"A-Jugend des SV Zweckel zeigt Moral (WAZ vom 27.05.2019)"},"content":{"rendered":"<div class=\"article__header__intro\">\n<p class=\"article__header__intro__text\">Nach einem 0:3-R\u00fcckstand kommt der SV Zweckel noch einmal zur\u00fcck. Rentfort schie\u00dft Buer-Hassel in die Kreisliga B. SVZ-B-Junioren nur zu neunt.<\/p>\n<\/div>\n<p class=\"article__paragraph p_1 \"><strong>SV Zweckel &#8211; Beckhausen 3:3 (0:1<\/strong> <strong>)<\/strong><br \/>\nF\u00fcr die G\u00e4ste aus Beckhausen ging es um alles an der Dorstener Stra\u00dfe: Es musste mindestens ein Punkt gegen die favorisierten Zweckeler her, um die Chance auf den Klassenerhalt zu wahren.<\/p>\n<div id=\"paywall-container\">\n<p class=\"article__paragraph p_2 \">Die Anfangsviertelstunde bestimmten die Hausherren klar und erspielten sich einige gute Torchancen \u2013 jedoch ohne Erfolg. So kam es wie es kommen musste. Ein Stellungsfehler der Zweckeler Hintermannschaft brachte die F\u00fchrung f\u00fcr Beckhausen (20.) \u2013 gleichzeitiger Halbzeitstand.<\/p>\n<p class=\"article__paragraph p_3 \">Der Gastgeber hatte sich viel f\u00fcr die zweite Halbzeit vorgenommen und starte mit guten Aktionen in der gegnerischen H\u00e4lfte. Jeder Angriff scheiterte am bis dato herausragenden Schlussmann der G\u00e4ste. Knapp 60 Minuten waren gespielt, ehe ein Traumtor der G\u00e4ste per Lupfer aus knapp 30 Metern die Klassenerhaltschancen steigen lie\u00df (62.). Nur zehn Minuten sp\u00e4ter erh\u00f6hte der Tabellenletzte auf 3:0 (71.).<\/p>\n<h2>Drei Tore in elf Minuten<\/h2>\n<p class=\"article__paragraph p_4 \">Aber die Zweckeler Mannschaft um Trainer J\u00f6rg Mochnik bewies Moral und k\u00e4mpfte sich zur\u00fcck ins Spiel. Ein Doppelschlag durch Joel Hellmich und Patryk Rejak brachte Zweckel zur\u00fcck in die Partie (74., 75.). Zehn Minuten sp\u00e4ter klingelte es zum dritten Mal im G\u00e4stetor.<\/p>\n<p class=\"article__paragraph p_5 \">Eine direkte Volleyabnahme konnte Joel Hellmich zum 3:3 verwerten, der damit seinen Doppelpack schn\u00fcrte. Die Latte verhinderte drei Minuten vor Schluss nach einem wuchtigen Kopfball durch Jonas Naas die komplette Wende.<\/p>\n<p class=\"article__paragraph p_6 \">Dank der 1:11-Pleite des Tabellennachbarn SC Buer-Hassel gegen Rentfort darf Beckhausen auch in der kommenden Spielzeit in der Kreisliga A antreten.<\/p>\n<p class=\"article__paragraph p_11 \"><strong>VfB Kirchhellen &#8211; SV Zweckel 5:0 (2:0)<br \/>\n<\/strong>Eine eindeutige Angelegenheit war das Zweckeler 0:5 beim Tabellenzweiten aus Kirchhellen und trotzdem war SVZ-Trainer Sascha Reimann zufrieden: \u201eWir haben Kirchhellen mit zwischenzeitlichen acht Mann vor richtige Probleme gestellt und Moral bewiesen.\u201c<\/p>\n<p class=\"article__paragraph p_12 \">Fr\u00fch mussten die Zweckeler ihren Matchplan aufgeben und gerieten nach acht Minuten per Elfmeter ins Hintertreffen. SVZ-Keeper Leon Podlesny erwischte einen hervorragenden Tag und konnte seine Mannschaft vor einem h\u00f6heren R\u00fcckstand zun\u00e4chst noch bewahren. Trotzdem erh\u00f6hten die Gastgeber nach einer knappen halben Stunde auf 2:0 (29.).<\/p>\n<h2>Zitternd zum Klassenerhalt<\/h2>\n<p class=\"article__paragraph p_13 \">Die zweite Halbzeit war gerade einmal acht Minuten alt, als ein Zweckeler Spieler aufgrund einer Beleidigung die Rote Karte sah. Die restlichen 30 Minuten mussten die G\u00e4ste zu acht agieren und stemmten sich gegen die anrennenden Kirchhellener, die drei weitere Male in der zweiten Halbzeit trafen (62., 67., 73.).<\/p>\n<p class=\"article__paragraph p_14 \">F\u00fcr die Zweckeler konnte eine etwas holprige Saison dennoch zu einem guten Ende gef\u00fchrt werden. Das prim\u00e4re Ziel Klassenerhalt konnte erfolgreich, wenn auch mit viel Zittern, in die Tat umgesetzt werden.<\/p>\n<\/div>\n","protected":false},"excerpt":{"rendered":"<p>Nach einem 0:3-R\u00fcckstand kommt der SV Zweckel noch einmal zur\u00fcck. Rentfort schie\u00dft Buer-Hassel in die Kreisliga B. SVZ-B-Junioren nur zu neunt. SV Zweckel &#8211; Beckhausen 3:3 (0:1 ) F\u00fcr die G\u00e4ste aus Beckhausen ging es um alles an der Dorstener Stra\u00dfe: Es musste mindestens ein Punkt gegen die favorisierten Zweckeler her, um die Chance auf [&hellip;]<\/p>\n","protected":false},"author":3,"featured_media":11840,"comment_status":"open","ping_status":"open","sticky":false,"template":"","format":"standard","meta":{"_jetpack_memberships_contains_paid_content":false,"footnotes":"","jetpack_publicize_message":"","jetpack_publicize_feature_enabled":true,"jetpack_social_post_already_shared":false,"jetpack_social_options":{"image_generator_settings":{"template":"highway","default_image_id":0,"font":"","enabled":false},"version":2}},"categories":[10],"tags":[],"class_list":["post-11839","post","type-post","status-publish","format-standard","has-post-thumbnail","hentry","category-nachwuchs"],"jetpack_publicize_connections":[],"jetpack_featured_media_url":"https:\/\/i0.wp.com\/www.svzweckel.de\/wp-content\/uploads\/2019\/05\/624f4fbc-809a-11e9-a522-09616001a32f.jpg?fit=800%2C449&ssl=1","jetpack_sharing_enabled":true,"_links":{"self":[{"href":"https:\/\/www.svzweckel.de\/index.php?rest_route=\/wp\/v2\/posts\/11839","targetHints":{"allow":["GET"]}}],"collection":[{"href":"https:\/\/www.svzweckel.de\/index.php?rest_route=\/wp\/v2\/posts"}],"about":[{"href":"https:\/\/www.svzweckel.de\/index.php?rest_route=\/wp\/v2\/types\/post"}],"author":[{"embeddable":true,"href":"https:\/\/www.svzweckel.de\/index.php?rest_route=\/wp\/v2\/users\/3"}],"replies":[{"embeddable":true,"href":"https:\/\/www.svzweckel.de\/index.php?rest_route=%2Fwp%2Fv2%2Fcomments&post=11839"}],"version-history":[{"count":0,"href":"https:\/\/www.svzweckel.de\/index.php?rest_route=\/wp\/v2\/posts\/11839\/revisions"}],"wp:featuredmedia":[{"embeddable":true,"href":"https:\/\/www.svzweckel.de\/index.php?rest_route=\/wp\/v2\/media\/11840"}],"wp:attachment":[{"href":"https:\/\/www.svzweckel.de\/index.php?rest_route=%2Fwp%2Fv2%2Fmedia&parent=11839"}],"wp:term":[{"taxonomy":"category","embeddable":true,"href":"https:\/\/www.svzweckel.de\/index.php?rest_route=%2Fwp%2Fv2%2Fcategories&post=11839"},{"taxonomy":"post_tag","embeddable":true,"href":"https:\/\/www.svzweckel.de\/index.php?rest_route=%2Fwp%2Fv2%2Ftags&post=11839"}],"curies":[{"name":"wp","href":"https:\/\/api.w.org\/{rel}","templated":true}]}}