{"id":11862,"date":"2019-06-16T18:44:12","date_gmt":"2019-06-16T16:44:12","guid":{"rendered":"http:\/\/www.svzweckel.de\/?p=11862"},"modified":"2019-06-16T18:44:38","modified_gmt":"2019-06-16T16:44:38","slug":"des-zweckler-darters-neue-kleider","status":"publish","type":"post","link":"https:\/\/www.svzweckel.de\/?p=11862","title":{"rendered":"\u201eDes Zweckler Darters neue Kleider\u201c"},"content":{"rendered":"<p>Die neuen Darttrikots der ersten Mannschaft sind da und sollten am vergangenem Freitag voller Stolz pr\u00e4sentiert werden. Die Idee die Gladbecker Traditionen in das Design einflie\u00dfen zu lassen, hat unser Herr Kuss hervorragend gemeistert. Die Maschinenhalle, den Zweckler F\u00f6rderturm sowie Eisen &amp; Schl\u00e4gel sind ein richtiger Hingucker und es erf\u00fcllt einen mit Stolz, dieses Trikot tragen zu d\u00fcrfen.<\/p>\n<p>Ein gro\u00dfer Dank geht aber auch an unsere Sponsoren: das Reiseb\u00fcro B\u00f6hm, Schankanlagenservice Thomas Golouh, Brillenstudio Lamping und Dachdeckermeister Marc Hellmich, ohne die das Ganze nicht m\u00f6glich gewesen w\u00e4re. Deren Logos finden sich selbstverst\u00e4ndlich auch auf den Trikots wieder.<\/p>\n<p>Nun aber zum 10. Spieltag. Zu Hause ging es im R\u00fcckspiel gegen die Gurkentruppe. Hier war noch die eine oder andere Rechnung zu begleichen, da dort in der Hinrunde das einziges Spiel abgegeben wurde. Am Ende stand es damals 12:8 f\u00fcr den Gegner und die Zweckeler sahen eher wie dieses \u201eK\u00fcrbisgew\u00e4chs\u201c aus deren Namensgebung aus. Am Start waren f\u00fcr die Zweckler Bunny the Beast, Steven the Grinch, oh Schubi-doo Ralf, R\u00fcdi RG 47, Christian Kuss und Corky 57. \u00a0Over the Tops Simon, Wolle Wolfgang und Scheubi 26 haben von der Bank aus supported was das Zeug h\u00e4lt.<\/p>\n<p>Im ersten Block starteten die Zweckeler sehr souver\u00e4n, so dass es dann bereits 7:3 f\u00fcr die Heimmannschaft stand. Im 2. Block machten die Gastgeber dann den Sack zu und gewannen mit 14:6. Somit stand die Revanche f\u00fcr das Hinspiel und drei wichtige Punkte wurden eingefahren. Somit sollte, ungeachtet der Ergebnisse in den anderen Partien, der Vorsprung auf den Zweiten der Liga immer noch mindestens 5 Punkte betragen w\u00fcrde. Jetzt sind es nur noch 4 Spiele bis zum Ende der Saison und das Ziel Oberliga r\u00fcckt in greifbare N\u00e4he.\u00a0 Ein Dank gilt auch dieses Mal an die Gegner und wir w\u00fcnschen ihnen alles Gute f\u00fcr die restliche Saison.<\/p>\n<p>Am kommenden Freitag den 21.06. geht es dann gegen die Dart Zwerge zu Hause weiter. Um 20:00 Uhr ist wieder Anwurf und die Mannschaft freut sich \u00fcber zahlreiche Zuschauer.<\/p>\n<p>Bis dahin: Sei smart und spiel Dart!<\/p>\n","protected":false},"excerpt":{"rendered":"<p>Die neuen Darttrikots der ersten Mannschaft sind da und sollten am vergangenem Freitag voller Stolz pr\u00e4sentiert werden. Die Idee die Gladbecker Traditionen in das Design einflie\u00dfen zu lassen, hat unser Herr Kuss hervorragend gemeistert. Die Maschinenhalle, den Zweckler F\u00f6rderturm sowie Eisen &amp; Schl\u00e4gel sind ein richtiger Hingucker und es erf\u00fcllt einen mit Stolz, dieses Trikot [&hellip;]<\/p>\n","protected":false},"author":3,"featured_media":11865,"comment_status":"open","ping_status":"open","sticky":false,"template":"","format":"standard","meta":{"_jetpack_memberships_contains_paid_content":false,"footnotes":"","jetpack_publicize_message":"","jetpack_publicize_feature_enabled":true,"jetpack_social_post_already_shared":false,"jetpack_social_options":{"image_generator_settings":{"template":"highway","default_image_id":0,"font":"","enabled":false},"version":2}},"categories":[48],"tags":[],"class_list":["post-11862","post","type-post","status-publish","format-standard","has-post-thumbnail","hentry","category-darts-abteilung"],"jetpack_publicize_connections":[],"jetpack_featured_media_url":"https:\/\/i0.wp.com\/www.svzweckel.de\/wp-content\/uploads\/2019\/06\/DSC03474.jpg?fit=800%2C533&ssl=1","jetpack_sharing_enabled":true,"_links":{"self":[{"href":"https:\/\/www.svzweckel.de\/index.php?rest_route=\/wp\/v2\/posts\/11862","targetHints":{"allow":["GET"]}}],"collection":[{"href":"https:\/\/www.svzweckel.de\/index.php?rest_route=\/wp\/v2\/posts"}],"about":[{"href":"https:\/\/www.svzweckel.de\/index.php?rest_route=\/wp\/v2\/types\/post"}],"author":[{"embeddable":true,"href":"https:\/\/www.svzweckel.de\/index.php?rest_route=\/wp\/v2\/users\/3"}],"replies":[{"embeddable":true,"href":"https:\/\/www.svzweckel.de\/index.php?rest_route=%2Fwp%2Fv2%2Fcomments&post=11862"}],"version-history":[{"count":0,"href":"https:\/\/www.svzweckel.de\/index.php?rest_route=\/wp\/v2\/posts\/11862\/revisions"}],"wp:featuredmedia":[{"embeddable":true,"href":"https:\/\/www.svzweckel.de\/index.php?rest_route=\/wp\/v2\/media\/11865"}],"wp:attachment":[{"href":"https:\/\/www.svzweckel.de\/index.php?rest_route=%2Fwp%2Fv2%2Fmedia&parent=11862"}],"wp:term":[{"taxonomy":"category","embeddable":true,"href":"https:\/\/www.svzweckel.de\/index.php?rest_route=%2Fwp%2Fv2%2Fcategories&post=11862"},{"taxonomy":"post_tag","embeddable":true,"href":"https:\/\/www.svzweckel.de\/index.php?rest_route=%2Fwp%2Fv2%2Ftags&post=11862"}],"curies":[{"name":"wp","href":"https:\/\/api.w.org\/{rel}","templated":true}]}}