{"id":11890,"date":"2019-06-26T07:19:36","date_gmt":"2019-06-26T05:19:36","guid":{"rendered":"http:\/\/www.svzweckel.de\/?p=11890"},"modified":"2019-06-26T07:19:36","modified_gmt":"2019-06-26T05:19:36","slug":"vorbereitung-der-u23","status":"publish","type":"post","link":"https:\/\/www.svzweckel.de\/?p=11890","title":{"rendered":"Vorbereitung der U23"},"content":{"rendered":"<p>Trainer Karl Englich beginnt seine Vorbereitung amm 01.07.19. Am 06.07.19 findet ein eint\u00e4giges Trainingslager an der Zweckeler Platzanlage statt. Die ersten Testspiele gehen am 13.07. bei den Stadtmeisterschaften \u00fcber die B\u00fchne. Nur einen Tag sp\u00e4ter ist am 14.07.\u00a0 ein Vorbereitungsspiel in Gahlen geplant.<\/p>\n<p>Am 21.07. steht mit Etus Bismarck der n\u00e4chst Gegner an, der an der der Dorstener Stra\u00dfe zu Gast sein wird.<\/p>\n<p>An den folgenden Sonntagen testet die U23 am 04.08. bei Rhenania Bottrop und im letzten Spiel vor Meisterschaftsbeginn am 11.08. bei SV Westerholt.<\/p>\n<p>&nbsp;<\/p>\n<p>&nbsp;<\/p>\n","protected":false},"excerpt":{"rendered":"<p>Trainer Karl Englich beginnt seine Vorbereitung amm 01.07.19. Am 06.07.19 findet ein eint\u00e4giges Trainingslager an der Zweckeler Platzanlage statt. Die ersten Testspiele gehen am 13.07. bei den Stadtmeisterschaften \u00fcber die B\u00fchne. Nur einen Tag sp\u00e4ter ist am 14.07.\u00a0 ein Vorbereitungsspiel in Gahlen geplant. Am 21.07. steht mit Etus Bismarck der n\u00e4chst Gegner an, der an [&hellip;]<\/p>\n","protected":false},"author":3,"featured_media":11022,"comment_status":"open","ping_status":"open","sticky":false,"template":"","format":"standard","meta":{"_jetpack_memberships_contains_paid_content":false,"footnotes":"","jetpack_publicize_message":"","jetpack_publicize_feature_enabled":true,"jetpack_social_post_already_shared":false,"jetpack_social_options":{"image_generator_settings":{"template":"highway","default_image_id":0,"font":"","enabled":false},"version":2}},"categories":[20],"tags":[],"class_list":["post-11890","post","type-post","status-publish","format-standard","has-post-thumbnail","hentry","category-2-mannschaft"],"jetpack_publicize_connections":[],"jetpack_featured_media_url":"https:\/\/i0.wp.com\/www.svzweckel.de\/wp-content\/uploads\/2018\/11\/Englich.jpg?fit=640%2C480&ssl=1","jetpack_sharing_enabled":true,"_links":{"self":[{"href":"https:\/\/www.svzweckel.de\/index.php?rest_route=\/wp\/v2\/posts\/11890","targetHints":{"allow":["GET"]}}],"collection":[{"href":"https:\/\/www.svzweckel.de\/index.php?rest_route=\/wp\/v2\/posts"}],"about":[{"href":"https:\/\/www.svzweckel.de\/index.php?rest_route=\/wp\/v2\/types\/post"}],"author":[{"embeddable":true,"href":"https:\/\/www.svzweckel.de\/index.php?rest_route=\/wp\/v2\/users\/3"}],"replies":[{"embeddable":true,"href":"https:\/\/www.svzweckel.de\/index.php?rest_route=%2Fwp%2Fv2%2Fcomments&post=11890"}],"version-history":[{"count":0,"href":"https:\/\/www.svzweckel.de\/index.php?rest_route=\/wp\/v2\/posts\/11890\/revisions"}],"wp:featuredmedia":[{"embeddable":true,"href":"https:\/\/www.svzweckel.de\/index.php?rest_route=\/wp\/v2\/media\/11022"}],"wp:attachment":[{"href":"https:\/\/www.svzweckel.de\/index.php?rest_route=%2Fwp%2Fv2%2Fmedia&parent=11890"}],"wp:term":[{"taxonomy":"category","embeddable":true,"href":"https:\/\/www.svzweckel.de\/index.php?rest_route=%2Fwp%2Fv2%2Fcategories&post=11890"},{"taxonomy":"post_tag","embeddable":true,"href":"https:\/\/www.svzweckel.de\/index.php?rest_route=%2Fwp%2Fv2%2Ftags&post=11890"}],"curies":[{"name":"wp","href":"https:\/\/api.w.org\/{rel}","templated":true}]}}