{"id":11899,"date":"2019-06-28T21:27:25","date_gmt":"2019-06-28T19:27:25","guid":{"rendered":"http:\/\/www.svzweckel.de\/?p=11899"},"modified":"2019-06-28T21:28:27","modified_gmt":"2019-06-28T19:28:27","slug":"sv-zweckel-ii-englich-will-sein-team-weiterentwickeln-waz-vom-28-06-19","status":"publish","type":"post","link":"https:\/\/www.svzweckel.de\/?p=11899","title":{"rendered":"SV Zweckel II: Englich will sein Team weiterentwickeln (WAZ vom 28.06.19)"},"content":{"rendered":"<p>Karl Englich trainiert auch in der neuen Saison den Fu\u00dfball-B-Ligisten SV Zweckel II. Sechs neue Spieler haben sich dem Team angeschlossen.<\/p>\n<p>Auch in der Saison 2019\/2020 wird Karl Englich an der Seitenlinie stehen und die zweite Mannschaft des SV Zweckel coachen. Der \u00dcbungsleiter verl\u00e4ngerte seinen Kontrakt und m\u00f6chte sein junges Team in der Kreisliga B1 weiterentwickeln.<\/p>\n<p>\u201eMich interessiert die Ausbildung der Spieler. Wir wollen im gesicherten Mittelfeld landen und wenn ich am Ende der Saison bei jedem meiner Jungs eine Verbesserung sehe, bin ich schon zufrieden.\u201c Das hat Englich im Gespr\u00e4ch mit der WAZ vor der nun bereits seit einem Monat beendeten letzten Spielzeit gesagt. Sein Team landete auf Platz acht, einige Spieler schafften f\u00fcr ein paar Eins\u00e4tze den Sprung in die erste Mannschaft, in der Bezirksliga.<\/p>\n<p>Sechs neue Spieler haben sich dem SV Zweckel II angeschlossen<br \/>\nDas macht den \u00dcbungsleiter gl\u00fccklich: \u201eWir wollen auch in der neuen Saison junge Spiele so entwickeln, dass sie den Sprung schaffen.\u201c Dennoch: F\u00fcr Englich und die Zweckeler Zweitvertretung war es keine einfache Spielzeit. \u201eWir mussten uns ja erst einmal finden und eine Mannschaft werden\u201c, so Englich. Das klappte. Der Trainer: \u201eEs hat sich ein Stamm von 15 Spielern herauskristallisiert und nun folgen einige Neuzug\u00e4nge, die eigentlich schon sicher sind, aber noch sind wir ja bekanntlich im sogenannten L\u00fcgenmonat.\u201c<\/p>\n<p>Dominik Rei\u00df, Martin Spiwock, Emre T\u00fcrk Kanka, Vladimir Schwanke und Christoph und Dennis Wimmers werden &#8211; Stand Freitag, 28. Juni &#8211; k\u00fcnftig an der Dorstener Stra\u00dfe spielen. Letztgenannter unterst\u00fctzt Englich als spielender Co-Trainer. Christian Greve, der bisherige Assistent, geht zur\u00fcck zum SV Horst 08 und trainiert dort die dritte Mannschaft.<\/p>\n<p>Zweckeler Spieler mussten in der Pause drei L\u00e4ufe absolvieren<\/p>\n<p>\u201eEs geht darum, kontinuierlicher zu werden und eine stabilere spielerische Saison zu spielen als im Vorjahr\u201c, erkl\u00e4rt der Trainer der Schwarz-Gr\u00fcnen. Und er betont: \u201eNat\u00fcrlich wollen wir uns auch tabellarisch verbessern, aber das steht nicht im Vordergrund.\u201c F\u00fcr ganz oben w\u00fcrde es so oder so noch nicht reichen.<\/p>\n<p>Englich sagt: \u201eEs ist eine sehr starke Liga, viele Teams wollen oben angreifen.\u201c Damit er mit seiner Mannschaft auch schnell die n\u00e4chsten taktischen Feinheiten trainieren kann, ordnete der Coach in der Sommerpause drei L\u00e4ufe an, die die Akteure ihm hinterher per Screenshot \u00fcbers Handy nachweisen mussten. \u201eDa haben sich auch alle dran gehalten, aber auch da kann man schummeln und das werde ich herausfinden\u201c, sagt Englich l\u00e4chelnd.<\/p>\n<p>Am 6. Juli absolviert der SV Zweckel II ein Tagestrainingslager<\/p>\n<p>F\u00fcr den 6. Juli ist sogar ein Tagestrainingslager an der Dorstener Stra\u00dfe geplant. \u201eWir werden uns um 10 Uhr treffen, um Konditions- und Laufeinheiten zu machen. Wir werden auch mit dem Ball arbeiten\u201c, verr\u00e4t Englich. \u201eUnd Abends wird es ein gemeinsames Abendessen geben.\u201c Teambuilding nennt er das und darauf legt der Coach, der vor Jahren Wacker Gladbeck in die Bezirksliga f\u00fchrte, gro\u00dfen Wert.<\/p>\n","protected":false},"excerpt":{"rendered":"<p>Karl Englich trainiert auch in der neuen Saison den Fu\u00dfball-B-Ligisten SV Zweckel II. Sechs neue Spieler haben sich dem Team angeschlossen. Auch in der Saison 2019\/2020 wird Karl Englich an der Seitenlinie stehen und die zweite Mannschaft des SV Zweckel coachen. Der \u00dcbungsleiter verl\u00e4ngerte seinen Kontrakt und m\u00f6chte sein junges Team in der Kreisliga B1 [&hellip;]<\/p>\n","protected":false},"author":3,"featured_media":11901,"comment_status":"open","ping_status":"open","sticky":false,"template":"","format":"standard","meta":{"_jetpack_memberships_contains_paid_content":false,"footnotes":"","jetpack_publicize_message":"","jetpack_publicize_feature_enabled":true,"jetpack_social_post_already_shared":false,"jetpack_social_options":{"image_generator_settings":{"template":"highway","default_image_id":0,"font":"","enabled":false},"version":2}},"categories":[20],"tags":[],"class_list":["post-11899","post","type-post","status-publish","format-standard","has-post-thumbnail","hentry","category-2-mannschaft"],"jetpack_publicize_connections":[],"jetpack_featured_media_url":"https:\/\/i0.wp.com\/www.svzweckel.de\/wp-content\/uploads\/2019\/06\/65a7a4ae-997f-11e9-ac68-6ec21fea5b9a.jpg?fit=800%2C449&ssl=1","jetpack_sharing_enabled":true,"_links":{"self":[{"href":"https:\/\/www.svzweckel.de\/index.php?rest_route=\/wp\/v2\/posts\/11899","targetHints":{"allow":["GET"]}}],"collection":[{"href":"https:\/\/www.svzweckel.de\/index.php?rest_route=\/wp\/v2\/posts"}],"about":[{"href":"https:\/\/www.svzweckel.de\/index.php?rest_route=\/wp\/v2\/types\/post"}],"author":[{"embeddable":true,"href":"https:\/\/www.svzweckel.de\/index.php?rest_route=\/wp\/v2\/users\/3"}],"replies":[{"embeddable":true,"href":"https:\/\/www.svzweckel.de\/index.php?rest_route=%2Fwp%2Fv2%2Fcomments&post=11899"}],"version-history":[{"count":0,"href":"https:\/\/www.svzweckel.de\/index.php?rest_route=\/wp\/v2\/posts\/11899\/revisions"}],"wp:featuredmedia":[{"embeddable":true,"href":"https:\/\/www.svzweckel.de\/index.php?rest_route=\/wp\/v2\/media\/11901"}],"wp:attachment":[{"href":"https:\/\/www.svzweckel.de\/index.php?rest_route=%2Fwp%2Fv2%2Fmedia&parent=11899"}],"wp:term":[{"taxonomy":"category","embeddable":true,"href":"https:\/\/www.svzweckel.de\/index.php?rest_route=%2Fwp%2Fv2%2Fcategories&post=11899"},{"taxonomy":"post_tag","embeddable":true,"href":"https:\/\/www.svzweckel.de\/index.php?rest_route=%2Fwp%2Fv2%2Ftags&post=11899"}],"curies":[{"name":"wp","href":"https:\/\/api.w.org\/{rel}","templated":true}]}}