{"id":1190,"date":"2014-10-08T20:20:15","date_gmt":"2014-10-08T20:20:15","guid":{"rendered":"http:\/\/www.svzweckel.de\/?p=1190"},"modified":"2014-10-08T21:16:59","modified_gmt":"2014-10-08T21:16:59","slug":"jefferson-farfan-sah-einen-ungefaehrdeten-sieg-des-svz","status":"publish","type":"post","link":"https:\/\/www.svzweckel.de\/?p=1190","title":{"rendered":"Jefferson Farfan sah einen ungef\u00e4hrdeten Sieg des SVZ"},"content":{"rendered":"<p>SV Zweckel &#8211; SV Horst-Emscher 08 6:0 (3:0)<\/p>\n<p>Der SV Zweckel hatte heute prominenten Besuch auf der Sportanlage. Jefferson Farfan, der dem FC Schalke 04 auf Grund einer Verletzung in den n\u00e4chsten Wochen noch fehlen wird, sah sich das Spiel an und wurde nat\u00fcrlich insbesondere von den j\u00fcngsten Fans belagert und um Autogramme bzw. Fotos ersucht.<\/p>\n<p>Er sah ein \u00fcberlegenes Spiel des SV Zweckel gegen G\u00e4ste, die mit einer &#8222;zweiten Garnitur&#8220; angetreten waren und somit auch keine Chance gegen den Gastgeber hatten.<br \/>\nNach einern kurzen Abtastphase dr\u00fcckten die Gastgeber aufs Tempo und gingen nach 17 Minuten durch Jonas Schmidt in F\u00fchrung, der mit einem tollen Heber von Jan Trampe in Szene gesetzt wurde. In der 33. Minute setzte Mavin H\u00f6ner Devin M\u00fcller in Szene, der auf das Horster Tor schoss und den abprallenden Ball zum 2:0 versenkte. Trainer G\u00fcnter Appelt hatte neben dem A-Junioren Devin M\u00fcller auch Lukas Tomanek aus der Zweckeler A-Jugend aufgeboten, der dieses Vertrauen mit dem 3:0 rechtfertigte. Jan Trampes flankte in die Mitte und Lukas versenkte per Seitfallzieher.<br \/>\nNach der Pause blieben Jonas Schmidt und Ali Issa in der Kabine. Mike Bednarek, der einige Wochen wegen einer Verletzung pausieren musste und Bryan Estefano Orbegozo Chang Kau, ein Verwandter von Jefferson Farfan, l\u00f6sten die Vorgenannten ab. In der 50. Minute zog Devin M\u00fcller aus mehr als 20 m ab und den strammen Schuss konnte der G\u00e4stekeeper nur zur Ecke kl\u00e4ren. Beim anschlie\u00dfenden Eckball sprang Lukas Tomanek dann am h\u00f6chsten und erzielte mit einem Kopfball zum 4:0 seinen zweiten Treffer. Nur 5 Minuten sp\u00e4ter schloss der f\u00fcr Lukas Tomanek eingewechselte Mike Jungnickel ein Angriff mit einem Torschuss ab, der wiederum nur zur Ecke abgwehrt werden konnte. Diese brachte Marvin H\u00f6ner in die Mitte und Devin M\u00fcller versenkte ebenfalls wie der andere Youngster per Kopf zum 5:0. In der 77. Minute knallte Bryan Estefano Orbegozo Chang Kau den Ball aus gut 20m an die Querlatte und\u00a0 Can Ucar nahm den Abpraller auf und \u00fcberlupfte den G\u00e4stetorwart zum 6:0.<br \/>\nMit diesem klaren Sieg konnten die Zweckeler etwas Selbstvertrauen tanken und k\u00f6nnen damit am Sonntag in das n\u00e4chste Derby gegen den VfB H\u00fcls gehen. Erw\u00e4hnenswert ist nat\u00fcrlich auch noch, dass das Viertelfinale des Kreispokals erreicht wurde.<\/p>\n<p><a href=\"http:\/\/www.derwesten.de\/sport\/lokalsport\/gladbeck\/sv-zweckel-triumphiert-mit-6-0-gegen-horst-id9914707.html\">WAZ vom 08.10.14<\/a><\/p>\n","protected":false},"excerpt":{"rendered":"<p>SV Zweckel &#8211; SV Horst-Emscher 08 6:0 (3:0) Der SV Zweckel hatte heute prominenten Besuch auf der Sportanlage. Jefferson Farfan, der dem FC Schalke 04 auf Grund einer Verletzung in den n\u00e4chsten Wochen noch fehlen wird, sah sich das Spiel an und wurde nat\u00fcrlich insbesondere von den j\u00fcngsten Fans belagert und um Autogramme bzw. Fotos [&hellip;]<\/p>\n","protected":false},"author":3,"featured_media":1191,"comment_status":"open","ping_status":"open","sticky":false,"template":"","format":"standard","meta":{"_jetpack_memberships_contains_paid_content":false,"footnotes":"","jetpack_publicize_message":"","jetpack_publicize_feature_enabled":true,"jetpack_social_post_already_shared":false,"jetpack_social_options":{"image_generator_settings":{"template":"highway","default_image_id":0,"font":"","enabled":false},"version":2}},"categories":[1],"tags":[],"class_list":["post-1190","post","type-post","status-publish","format-standard","has-post-thumbnail","hentry","category-uncategorized"],"jetpack_publicize_connections":[],"jetpack_featured_media_url":"https:\/\/i0.wp.com\/www.svzweckel.de\/wp-content\/uploads\/2014\/10\/Farfan.jpg?fit=800%2C451&ssl=1","jetpack_sharing_enabled":true,"_links":{"self":[{"href":"https:\/\/www.svzweckel.de\/index.php?rest_route=\/wp\/v2\/posts\/1190","targetHints":{"allow":["GET"]}}],"collection":[{"href":"https:\/\/www.svzweckel.de\/index.php?rest_route=\/wp\/v2\/posts"}],"about":[{"href":"https:\/\/www.svzweckel.de\/index.php?rest_route=\/wp\/v2\/types\/post"}],"author":[{"embeddable":true,"href":"https:\/\/www.svzweckel.de\/index.php?rest_route=\/wp\/v2\/users\/3"}],"replies":[{"embeddable":true,"href":"https:\/\/www.svzweckel.de\/index.php?rest_route=%2Fwp%2Fv2%2Fcomments&post=1190"}],"version-history":[{"count":0,"href":"https:\/\/www.svzweckel.de\/index.php?rest_route=\/wp\/v2\/posts\/1190\/revisions"}],"wp:featuredmedia":[{"embeddable":true,"href":"https:\/\/www.svzweckel.de\/index.php?rest_route=\/wp\/v2\/media\/1191"}],"wp:attachment":[{"href":"https:\/\/www.svzweckel.de\/index.php?rest_route=%2Fwp%2Fv2%2Fmedia&parent=1190"}],"wp:term":[{"taxonomy":"category","embeddable":true,"href":"https:\/\/www.svzweckel.de\/index.php?rest_route=%2Fwp%2Fv2%2Fcategories&post=1190"},{"taxonomy":"post_tag","embeddable":true,"href":"https:\/\/www.svzweckel.de\/index.php?rest_route=%2Fwp%2Fv2%2Ftags&post=1190"}],"curies":[{"name":"wp","href":"https:\/\/api.w.org\/{rel}","templated":true}]}}