{"id":11926,"date":"2019-07-02T15:07:17","date_gmt":"2019-07-02T13:07:17","guid":{"rendered":"http:\/\/www.svzweckel.de\/?p=11926"},"modified":"2019-07-02T15:30:11","modified_gmt":"2019-07-02T13:30:11","slug":"aufstieg-in-die-oberliga","status":"publish","type":"post","link":"https:\/\/www.svzweckel.de\/?p=11926","title":{"rendered":"Aufstieg in die Oberliga"},"content":{"rendered":"<p>Wie schon h\u00e4ufig in der Euphorie des ein oder anderen Sieges gesungen, ist es nun Realit\u00e4t:<\/p>\n<p>Der 1. Zweckler Dartverein hat es geschafft! Die Mannschaft marschierte aus der C-Liga direkt in die BZO durch. Quasi der vierte Aufstieg in Folge.<\/p>\n<p>Vor dem drittletzten Spieltag betrug der Vorsprung auf den Zweitplatzierten sechs Punkte, so dass im Laufe der letzten Woche das Ziel war, sich durch einen Sieg in Dortmund bei den No Fear Dragons eine gute Ausgangsposition f\u00fcr die verbleibenden beiden Saisonspiele zu erarbeiten. Eigentlich standen die Chancen den 1. Zweckler Dartverein noch abzufangen \u00e4u\u00dferst gering, da das Leg- und Spielverh\u00e4ltnis auch f\u00fcr den SVZ sprachen. Aber man wei\u00df ja nie und bekanntlich sollte man erst feiern, wenn es auch rechnerisch durch ist.<\/p>\n<p>Am Samstag erreichte uns schon die Nachricht, dass der Zweitplatzierte, Wicked Darts, sein Dortmunder Derby gegen Triplespektakel \u00fcberraschend verloren hatte. Und somit hatte das Team um Kapiti\u00e4n Steven Marckowiak die Chance mit lediglich einem Punkt bereits am drittletzten Spieltag den Aufstieg und die Meisterschaft einzut\u00fcten.<\/p>\n<p>Kurz und knapp: Es gelang den Zweckelern.<\/p>\n<p>Im Eiltempo erspielten sich die Jungs eine 10:0-F\u00fchrung und somit den Aufstieg in die zweith\u00f6chste Spielklasse beim elektronischem Dart im DSAB. Den vorentscheidenden Punkt zum 10:0 und somit zum sicheren Aufstieg, sofern man bei einer solchen F\u00fchrung von entscheidend reden kann, holte Christian Kulik, der einen seiner Matchdarts in die Doppel 2 versenkte. An dieser Stelle war der maximale Erfolg f\u00fcr uns als Aufsteiger erreicht. Das Endergebnis (6:14) gegen einen lauten, aber sehr fairen und lustigen Gegner war hier nur noch absolut zweitrangig. \u201eCheerio, Miss Sophie!.\u201c<\/p>\n<p>Trotzdem soll hier nicht unerw\u00e4hnt bleiben, dass wieder diverse Bestleistungen erzielt wurden, von Shortlegs (Steven Marckowiak), Highscores (Christian Breuing) und Monsterblocks (Ralf Schubert) bis pure Anwesenheit (Christian Kulik). R\u00fcdiger Groschke und Wolfgang Amling komplettierten das Team an diesem Sonntag.<br \/>\nUm hier auch wirklich alle Beteiligten zu nennen, die bei diesem Aufstieg mitgewirkt haben und Sonntag leider nicht konnten bzw. nur kurz zum Zuschauen nach Dortmund gekommen sind: Sebastian Schroer, Simon Reinermann und Christian Scheuplein.<\/p>\n<p>N\u00e4chstes Jahr wird es in der zweiten deutschen Spielklasse garantiert nicht einfacher. In Saison war der Zusammenhalt wie immer grandios. Aber das Fazit k\u00f6nnen wir nach dem letzten Spieltag ziehen &#x1f609;<\/p>\n<p>Am 12. Juli um 20:00 findet das letzte Heimspiel dieser Saison im SVZ-Treff statt. \u00dcber Unterst\u00fctzung wird sich nat\u00fcrlich besonders gefreut. Zu Gast ist der Tabellen Dritte \u201eDreamTeam Hervest\u201c aus Dorsten. Sch\u00f6ne Spiele (ohne Druck, zumindest f\u00fcr uns) sind da FAST garantiert.<\/p>\n<p><img data-recalc-dims=\"1\" loading=\"lazy\" decoding=\"async\" class=\"aligncenter  wp-image-11930\" src=\"https:\/\/i0.wp.com\/www.svzweckel.de\/wp-content\/uploads\/2019\/07\/Tabelle.png?resize=640%2C586&#038;ssl=1\" alt=\"\" width=\"640\" height=\"586\" srcset=\"https:\/\/i0.wp.com\/www.svzweckel.de\/wp-content\/uploads\/2019\/07\/Tabelle.png?w=1170&amp;ssl=1 1170w, https:\/\/i0.wp.com\/www.svzweckel.de\/wp-content\/uploads\/2019\/07\/Tabelle.png?resize=300%2C275&amp;ssl=1 300w, https:\/\/i0.wp.com\/www.svzweckel.de\/wp-content\/uploads\/2019\/07\/Tabelle.png?resize=768%2C703&amp;ssl=1 768w, https:\/\/i0.wp.com\/www.svzweckel.de\/wp-content\/uploads\/2019\/07\/Tabelle.png?resize=800%2C732&amp;ssl=1 800w, https:\/\/i0.wp.com\/www.svzweckel.de\/wp-content\/uploads\/2019\/07\/Tabelle.png?resize=150%2C137&amp;ssl=1 150w, https:\/\/i0.wp.com\/www.svzweckel.de\/wp-content\/uploads\/2019\/07\/Tabelle.png?resize=100%2C92&amp;ssl=1 100w, https:\/\/i0.wp.com\/www.svzweckel.de\/wp-content\/uploads\/2019\/07\/Tabelle.png?resize=50%2C46&amp;ssl=1 50w, https:\/\/i0.wp.com\/www.svzweckel.de\/wp-content\/uploads\/2019\/07\/Tabelle.png?resize=25%2C23&amp;ssl=1 25w, https:\/\/i0.wp.com\/www.svzweckel.de\/wp-content\/uploads\/2019\/07\/Tabelle.png?resize=350%2C320&amp;ssl=1 350w, https:\/\/i0.wp.com\/www.svzweckel.de\/wp-content\/uploads\/2019\/07\/Tabelle.png?resize=131%2C120&amp;ssl=1 131w\" sizes=\"auto, (max-width: 640px) 100vw, 640px\" \/><\/p>\n<p>&nbsp;<\/p>\n","protected":false},"excerpt":{"rendered":"<p>Wie schon h\u00e4ufig in der Euphorie des ein oder anderen Sieges gesungen, ist es nun Realit\u00e4t: Der 1. Zweckler Dartverein hat es geschafft! Die Mannschaft marschierte aus der C-Liga direkt in die BZO durch. Quasi der vierte Aufstieg in Folge. Vor dem drittletzten Spieltag betrug der Vorsprung auf den Zweitplatzierten sechs Punkte, so dass im [&hellip;]<\/p>\n","protected":false},"author":3,"featured_media":11865,"comment_status":"open","ping_status":"open","sticky":false,"template":"","format":"standard","meta":{"_jetpack_memberships_contains_paid_content":false,"footnotes":"","jetpack_publicize_message":"","jetpack_publicize_feature_enabled":true,"jetpack_social_post_already_shared":false,"jetpack_social_options":{"image_generator_settings":{"template":"highway","default_image_id":0,"font":"","enabled":false},"version":2}},"categories":[48],"tags":[],"class_list":["post-11926","post","type-post","status-publish","format-standard","has-post-thumbnail","hentry","category-darts-abteilung"],"jetpack_publicize_connections":[],"jetpack_featured_media_url":"https:\/\/i0.wp.com\/www.svzweckel.de\/wp-content\/uploads\/2019\/06\/DSC03474.jpg?fit=800%2C533&ssl=1","jetpack_sharing_enabled":true,"_links":{"self":[{"href":"https:\/\/www.svzweckel.de\/index.php?rest_route=\/wp\/v2\/posts\/11926","targetHints":{"allow":["GET"]}}],"collection":[{"href":"https:\/\/www.svzweckel.de\/index.php?rest_route=\/wp\/v2\/posts"}],"about":[{"href":"https:\/\/www.svzweckel.de\/index.php?rest_route=\/wp\/v2\/types\/post"}],"author":[{"embeddable":true,"href":"https:\/\/www.svzweckel.de\/index.php?rest_route=\/wp\/v2\/users\/3"}],"replies":[{"embeddable":true,"href":"https:\/\/www.svzweckel.de\/index.php?rest_route=%2Fwp%2Fv2%2Fcomments&post=11926"}],"version-history":[{"count":0,"href":"https:\/\/www.svzweckel.de\/index.php?rest_route=\/wp\/v2\/posts\/11926\/revisions"}],"wp:featuredmedia":[{"embeddable":true,"href":"https:\/\/www.svzweckel.de\/index.php?rest_route=\/wp\/v2\/media\/11865"}],"wp:attachment":[{"href":"https:\/\/www.svzweckel.de\/index.php?rest_route=%2Fwp%2Fv2%2Fmedia&parent=11926"}],"wp:term":[{"taxonomy":"category","embeddable":true,"href":"https:\/\/www.svzweckel.de\/index.php?rest_route=%2Fwp%2Fv2%2Fcategories&post=11926"},{"taxonomy":"post_tag","embeddable":true,"href":"https:\/\/www.svzweckel.de\/index.php?rest_route=%2Fwp%2Fv2%2Ftags&post=11926"}],"curies":[{"name":"wp","href":"https:\/\/api.w.org\/{rel}","templated":true}]}}