{"id":11939,"date":"2019-07-03T20:13:10","date_gmt":"2019-07-03T18:13:10","guid":{"rendered":"http:\/\/www.svzweckel.de\/?p=11939"},"modified":"2019-07-03T20:14:40","modified_gmt":"2019-07-03T18:14:40","slug":"aufstieg-ist-perfekt-zweckel-freut-sich-auf-die-zweite-liga-waz-vom-03-07-19","status":"publish","type":"post","link":"https:\/\/www.svzweckel.de\/?p=11939","title":{"rendered":"Aufstieg ist perfekt: Zweckel freut sich auf die Zweite Liga (WAZ vom 03.07.19)"},"content":{"rendered":"<div class=\"article__header__intro\">\n<p class=\"article__header__intro__text\">Zweckel in der zweith\u00f6chsten Spielklasse? Gibt\u2019s nicht? Gibt\u2019s doch. Der 1. Zweckeler Dartverein hat jetzt den Sprung in die Oberliga geschafft.<\/p>\n<\/div>\n<p class=\"article__paragraph p_1 \">Sein letztes Heimspiel der Saison 2018\/2019 tr\u00e4gt der 1. Zweckeler Dartverein am Freitag, 12. Juli, gegen den Tabellendritten Dream Team Hervest aus Dorsten aus. Die Gladbecker k\u00f6nnen ohne jeden Druck in den Ligahit gehen. Der Grund: Die Schwarz-Gr\u00fcnen stehen bereits als Aufsteiger in die Oberliga fest. Das ist zweith\u00f6chste deutsche Spielklasse im Deutschen Sport Automaten Bund (DSAB).<\/p>\n<div id=\"paywall-container\">\n<p class=\"article__paragraph p_2 \">So etwas man Durchmarsch: Vor knapp zwei Jahren wurde im Gladbecker Norden der 1. Zweckeler Dartverein gegr\u00fcndet. Die Mannschaft startete, wo jede neue Mannschaft startet &#8211; ganz unten, in der C-Liga. Gleich in der ersten Saison feierte das Team um Kapit\u00e4n Steven Marckowiak den Aufstieg in die B-Liga.<\/p>\n<h2>Die B-Liga und die Bezirksliga sind f\u00fcr Zweckel nur Durchgangsstationen gewesen<\/h2>\n<aside class=\"inline-block inline-block--left\">\n<figure class=\"inline-media\">\n<div class=\"inline-media__wrapper\"><a class=\"inline-media__lightbox-opener\"> <picture class=\"inline-media__media media inline-media__medialandscape\"><source srcset=\"https:\/\/img.waz.de\/img\/incoming\/crop226368997\/9151371444-w420-cv4_3-q85\/a57d996c-9d71-11e9-bad0-f5e5be85e8c4.jpg\" media=\"(max-width: 420px)\" \/><source srcset=\"https:\/\/img.waz.de\/img\/incoming\/crop226368997\/5895616780-w640-cv4_3-q85\/a57d996c-9d71-11e9-bad0-f5e5be85e8c4.jpg\" media=\"(max-width: 640px)\" \/><source srcset=\"https:\/\/img.waz.de\/img\/incoming\/crop226368997\/6823576736-w619-cv4_3-q85\/a57d996c-9d71-11e9-bad0-f5e5be85e8c4.jpg\" \/><img data-recalc-dims=\"1\" loading=\"lazy\" decoding=\"async\" class=\"\" title=\"Dieses Zweckeler Team feierte im vergangenen Jahr den Aufstieg in die Bezirksliga.\" src=\"https:\/\/i0.wp.com\/www.waz.de\/resources\/1560767231\/img\/placeholder.png?resize=619%2C464&#038;ssl=1\" alt=\"Dieses Zweckeler Team feierte im vergangenen Jahr den Aufstieg in die Bezirksliga.\" width=\"619\" height=\"464\" \/> <\/picture> <\/a><\/div><figcaption class=\"inline-media__caption\">\n<div class=\"txt\">Dieses Zweckeler Team feierte im vergangenen Jahr den Aufstieg in die Bezirksliga.<\/div>\n<div class=\"rights\">Foto: SV Zweckel<\/div>\n<\/figcaption><\/figure>\n<\/aside>\n<p class=\"article__paragraph p_3 \">Und auch diese war nur Zwischenstation, wie nun die Bezirksliga. Und in der Oberliga wollen die Zweckeler ebenfalls nicht f\u00fcr immer und ewig bleiben. Das hat Marckowiak bereits Ende des vergangenen Jahres der WAZ verraten. \u201eIn vier Jahren wollen wir in die Bundesliga\u201c, so der ZDV-Kapit\u00e4n.<\/p>\n<p class=\"article__paragraph p_4 \">Der verf\u00fcgt in der Zweckeler Mannschaft \u00fcber die gr\u00f6\u00dfte Erfahrung. Marckowiak sicherte sich bereits vor f\u00fcnf Jahren in Kroatien den Titel des Europameisters im Doppel und bei einer DM landete der Gladbecker auch schon einmal auf dem zweiten Rang.<\/p>\n<h2>Zweckeler erwarten in der zweith\u00f6chsten Spielklasse keine einfachen Aufgaben mehr<\/h2>\n<p class=\"article__paragraph p_5 \">Was erwartet die Zweckeler in Zukunft? \u201eN\u00e4chstes Jahr\u201c, hei\u00dft es dazu auf der Homepage des SV Zweckel, \u201ewird es in der zweiten deutschen Spielklasse garantiert nicht einfacher.\u201c<\/p>\n<p class=\"article__paragraph p_6 \">Den vorzeitigen Aufstieg in die Oberliga feierten die Gladbecker auch dank einer \u00fcberraschenden Niederlage des Tabellenzweiten Wicked Darts aus Dortmund im Derby gegen das Team Triplespektakel. Diesen Matchball nutzte der 1. Zweckeler Dartverein und setzte sich bei den No Fear Dragons in Dortmund souver\u00e4n durch.<\/p>\n<\/div>\n","protected":false},"excerpt":{"rendered":"<p>Zweckel in der zweith\u00f6chsten Spielklasse? Gibt\u2019s nicht? Gibt\u2019s doch. Der 1. Zweckeler Dartverein hat jetzt den Sprung in die Oberliga geschafft. Sein letztes Heimspiel der Saison 2018\/2019 tr\u00e4gt der 1. Zweckeler Dartverein am Freitag, 12. Juli, gegen den Tabellendritten Dream Team Hervest aus Dorsten aus. Die Gladbecker k\u00f6nnen ohne jeden Druck in den Ligahit gehen. [&hellip;]<\/p>\n","protected":false},"author":3,"featured_media":11940,"comment_status":"open","ping_status":"open","sticky":false,"template":"","format":"standard","meta":{"_jetpack_memberships_contains_paid_content":false,"footnotes":"","jetpack_publicize_message":"","jetpack_publicize_feature_enabled":true,"jetpack_social_post_already_shared":false,"jetpack_social_options":{"image_generator_settings":{"template":"highway","default_image_id":0,"font":"","enabled":false},"version":2}},"categories":[48],"tags":[],"class_list":["post-11939","post","type-post","status-publish","format-standard","has-post-thumbnail","hentry","category-darts-abteilung"],"jetpack_publicize_connections":[],"jetpack_featured_media_url":"https:\/\/i0.wp.com\/www.svzweckel.de\/wp-content\/uploads\/2019\/07\/Marckowiak.jpg?fit=800%2C449&ssl=1","jetpack_sharing_enabled":true,"_links":{"self":[{"href":"https:\/\/www.svzweckel.de\/index.php?rest_route=\/wp\/v2\/posts\/11939","targetHints":{"allow":["GET"]}}],"collection":[{"href":"https:\/\/www.svzweckel.de\/index.php?rest_route=\/wp\/v2\/posts"}],"about":[{"href":"https:\/\/www.svzweckel.de\/index.php?rest_route=\/wp\/v2\/types\/post"}],"author":[{"embeddable":true,"href":"https:\/\/www.svzweckel.de\/index.php?rest_route=\/wp\/v2\/users\/3"}],"replies":[{"embeddable":true,"href":"https:\/\/www.svzweckel.de\/index.php?rest_route=%2Fwp%2Fv2%2Fcomments&post=11939"}],"version-history":[{"count":0,"href":"https:\/\/www.svzweckel.de\/index.php?rest_route=\/wp\/v2\/posts\/11939\/revisions"}],"wp:featuredmedia":[{"embeddable":true,"href":"https:\/\/www.svzweckel.de\/index.php?rest_route=\/wp\/v2\/media\/11940"}],"wp:attachment":[{"href":"https:\/\/www.svzweckel.de\/index.php?rest_route=%2Fwp%2Fv2%2Fmedia&parent=11939"}],"wp:term":[{"taxonomy":"category","embeddable":true,"href":"https:\/\/www.svzweckel.de\/index.php?rest_route=%2Fwp%2Fv2%2Fcategories&post=11939"},{"taxonomy":"post_tag","embeddable":true,"href":"https:\/\/www.svzweckel.de\/index.php?rest_route=%2Fwp%2Fv2%2Ftags&post=11939"}],"curies":[{"name":"wp","href":"https:\/\/api.w.org\/{rel}","templated":true}]}}