{"id":11966,"date":"2019-07-15T14:24:21","date_gmt":"2019-07-15T12:24:21","guid":{"rendered":"https:\/\/www.svzweckel.de\/?p=11966"},"modified":"2019-07-15T14:33:14","modified_gmt":"2019-07-15T12:33:14","slug":"letztes-spiel-zu-hause","status":"publish","type":"post","link":"https:\/\/www.svzweckel.de\/?p=11966","title":{"rendered":"Letztes Spiel zu Hause"},"content":{"rendered":"<p>Am vergangenen Freitag hatte die 1. Mannschaft der Darter ihr letztes Heimspiel in der Bezirksliga. Auch wenn der Aufstieg in die BZO seit dem 30.06. bereits besiegelt war, ging es aber darum, die Saison vern\u00fcnftig abzuschlie\u00dfen. Zu Gast waren die Spieler des Dream Team Hervest und die galt es erst einmal zu schlagen. Hierf\u00fcr sollten der Grinch, Bunny the Beast, RG 47, Over the Tops, Schubiii und Corky sorgen. Wolle war zum Support da und hatte Unterst\u00fctzung von unseren ehemaligen Mannschaftskollegen Stefan und Herbert.<\/p>\n<p>Game on und die ersten Pfeile flogen Richtung Scheibe. Nach dem ersten Block stand es 6:4 f\u00fcr die Zweckeler, was aber hart erk\u00e4mpft wurde. Im 2. Block gelang es den Gastgebern aber diese 2 Punkte F\u00fchrung bis ins Ziel mitzunehmen bzw. auszubauen. Am Ende stand es dann 12:8 f\u00fcr die Jungs aus Gladbeck. Hervest spielte stark und war nicht zu untersch\u00e4tzen, aber Ende gut\u2026!<\/p>\n<p>Hier muss aber noch ein gro\u00dfes Lob an die G\u00e4ste ausgesprochen werden f\u00fcr ihre Fairness und ihre gute Leistung. Am kommenden Samstag ist nun das letzte Spiel der Saison und hier geht es zu den Eickeler Pfeilen. Obwohl sie in der Tabelle an letzter Stelle stehen und den Schwarz-Gr\u00fcnen den Aufstieg niemand mehr nehmen kann, m\u00f6chte der zuk\u00fcnftige Oberligist trotzdem das Spiel souver\u00e4n bestreiten und einen Sieg mit nach Hause bringen.<\/p>\n<p>Bis dahin sei smart und spiel Dart!<\/p>\n","protected":false},"excerpt":{"rendered":"<p>Am vergangenen Freitag hatte die 1. Mannschaft der Darter ihr letztes Heimspiel in der Bezirksliga. Auch wenn der Aufstieg in die BZO seit dem 30.06. bereits besiegelt war, ging es aber darum, die Saison vern\u00fcnftig abzuschlie\u00dfen. Zu Gast waren die Spieler des Dream Team Hervest und die galt es erst einmal zu schlagen. Hierf\u00fcr sollten [&hellip;]<\/p>\n","protected":false},"author":3,"featured_media":11969,"comment_status":"open","ping_status":"open","sticky":false,"template":"","format":"standard","meta":{"_jetpack_memberships_contains_paid_content":false,"footnotes":"","jetpack_publicize_message":"","jetpack_publicize_feature_enabled":true,"jetpack_social_post_already_shared":false,"jetpack_social_options":{"image_generator_settings":{"template":"highway","default_image_id":0,"font":"","enabled":false},"version":2}},"categories":[48],"tags":[],"class_list":["post-11966","post","type-post","status-publish","format-standard","has-post-thumbnail","hentry","category-darts-abteilung"],"jetpack_publicize_connections":[],"jetpack_featured_media_url":"https:\/\/i0.wp.com\/www.svzweckel.de\/wp-content\/uploads\/2019\/07\/1560613922274.jpg?fit=404%2C270&ssl=1","jetpack_sharing_enabled":true,"_links":{"self":[{"href":"https:\/\/www.svzweckel.de\/index.php?rest_route=\/wp\/v2\/posts\/11966","targetHints":{"allow":["GET"]}}],"collection":[{"href":"https:\/\/www.svzweckel.de\/index.php?rest_route=\/wp\/v2\/posts"}],"about":[{"href":"https:\/\/www.svzweckel.de\/index.php?rest_route=\/wp\/v2\/types\/post"}],"author":[{"embeddable":true,"href":"https:\/\/www.svzweckel.de\/index.php?rest_route=\/wp\/v2\/users\/3"}],"replies":[{"embeddable":true,"href":"https:\/\/www.svzweckel.de\/index.php?rest_route=%2Fwp%2Fv2%2Fcomments&post=11966"}],"version-history":[{"count":0,"href":"https:\/\/www.svzweckel.de\/index.php?rest_route=\/wp\/v2\/posts\/11966\/revisions"}],"wp:featuredmedia":[{"embeddable":true,"href":"https:\/\/www.svzweckel.de\/index.php?rest_route=\/wp\/v2\/media\/11969"}],"wp:attachment":[{"href":"https:\/\/www.svzweckel.de\/index.php?rest_route=%2Fwp%2Fv2%2Fmedia&parent=11966"}],"wp:term":[{"taxonomy":"category","embeddable":true,"href":"https:\/\/www.svzweckel.de\/index.php?rest_route=%2Fwp%2Fv2%2Fcategories&post=11966"},{"taxonomy":"post_tag","embeddable":true,"href":"https:\/\/www.svzweckel.de\/index.php?rest_route=%2Fwp%2Fv2%2Ftags&post=11966"}],"curies":[{"name":"wp","href":"https:\/\/api.w.org\/{rel}","templated":true}]}}