{"id":12085,"date":"2019-08-14T17:30:47","date_gmt":"2019-08-14T15:30:47","guid":{"rendered":"http:\/\/www.svzweckel.de\/?p=12085"},"modified":"2019-08-14T17:30:47","modified_gmt":"2019-08-14T15:30:47","slug":"reserve-trifft-in-erle-19-auf-starken-gegner","status":"publish","type":"post","link":"https:\/\/www.svzweckel.de\/?p=12085","title":{"rendered":"Reserve trifft in Erle 19 auf starken Gegner"},"content":{"rendered":"<p>Sonntag, 18.08.19, 13:00 Uhr: Erle 19 II &#8211; SV Zweckel II<\/p>\n<p>Am n\u00e4chsten Sonntag reisen die Zweckeler nach Gelsenkirchen-Erle. An das letzte Aufeinandertreffen im April haben die Schwarz-Gr\u00fcnen keine gute Erinnerung, denn es hagelte eine 8:1-Niederlage. Die Zweckeler mussten in dieser Partie zwar ab der 15. Minute nach einer roten Karte mit neun Feldspielern agieren, das war aber nicht der einzige Grund f\u00fcr das desastr\u00f6se Ergebnis. Das Hinspiel gewann Erle ebenfalls, das Ergebnis fiel allerdings mit 1:2 relativ knapp aus. Das erste Spiel der noch jungen Saison verloren die Erler knapp mit 2:1 bei Viktoria Resse II.<\/p>\n<p>Am Ende der Saison trennte die beiden Kontrahenten drei Tabellenpl\u00e4tze und immerhin 14 Punkte. Mit 97 geschossenen Toren bewiesen die Erler eine gro\u00dfe Treffsicherheit.<\/p>\n<p>Das Treffen am Sonntag um 13:00 Uhr auf dem Rasenplatz an der Oststra\u00dfe ist der erste H\u00e4rtetest f\u00fcr die Zweckeler, denn Erle 19 d\u00fcrfte in dieser Saison vermutlich wieder im oberen Tabellendrittel zu finden sein.<\/p>\n<p>&nbsp;<\/p>\n","protected":false},"excerpt":{"rendered":"<p>Sonntag, 18.08.19, 13:00 Uhr: Erle 19 II &#8211; SV Zweckel II Am n\u00e4chsten Sonntag reisen die Zweckeler nach Gelsenkirchen-Erle. An das letzte Aufeinandertreffen im April haben die Schwarz-Gr\u00fcnen keine gute Erinnerung, denn es hagelte eine 8:1-Niederlage. Die Zweckeler mussten in dieser Partie zwar ab der 15. Minute nach einer roten Karte mit neun Feldspielern agieren, [&hellip;]<\/p>\n","protected":false},"author":3,"featured_media":10649,"comment_status":"open","ping_status":"open","sticky":false,"template":"","format":"standard","meta":{"_jetpack_memberships_contains_paid_content":false,"footnotes":"","jetpack_publicize_message":"","jetpack_publicize_feature_enabled":true,"jetpack_social_post_already_shared":false,"jetpack_social_options":{"image_generator_settings":{"template":"highway","default_image_id":0,"font":"","enabled":false},"version":2}},"categories":[20],"tags":[],"class_list":["post-12085","post","type-post","status-publish","format-standard","has-post-thumbnail","hentry","category-2-mannschaft"],"jetpack_publicize_connections":[],"jetpack_featured_media_url":"https:\/\/i0.wp.com\/www.svzweckel.de\/wp-content\/uploads\/2018\/08\/DSC00986.jpg?fit=800%2C533&ssl=1","jetpack_sharing_enabled":true,"_links":{"self":[{"href":"https:\/\/www.svzweckel.de\/index.php?rest_route=\/wp\/v2\/posts\/12085","targetHints":{"allow":["GET"]}}],"collection":[{"href":"https:\/\/www.svzweckel.de\/index.php?rest_route=\/wp\/v2\/posts"}],"about":[{"href":"https:\/\/www.svzweckel.de\/index.php?rest_route=\/wp\/v2\/types\/post"}],"author":[{"embeddable":true,"href":"https:\/\/www.svzweckel.de\/index.php?rest_route=\/wp\/v2\/users\/3"}],"replies":[{"embeddable":true,"href":"https:\/\/www.svzweckel.de\/index.php?rest_route=%2Fwp%2Fv2%2Fcomments&post=12085"}],"version-history":[{"count":0,"href":"https:\/\/www.svzweckel.de\/index.php?rest_route=\/wp\/v2\/posts\/12085\/revisions"}],"wp:featuredmedia":[{"embeddable":true,"href":"https:\/\/www.svzweckel.de\/index.php?rest_route=\/wp\/v2\/media\/10649"}],"wp:attachment":[{"href":"https:\/\/www.svzweckel.de\/index.php?rest_route=%2Fwp%2Fv2%2Fmedia&parent=12085"}],"wp:term":[{"taxonomy":"category","embeddable":true,"href":"https:\/\/www.svzweckel.de\/index.php?rest_route=%2Fwp%2Fv2%2Fcategories&post=12085"},{"taxonomy":"post_tag","embeddable":true,"href":"https:\/\/www.svzweckel.de\/index.php?rest_route=%2Fwp%2Fv2%2Ftags&post=12085"}],"curies":[{"name":"wp","href":"https:\/\/api.w.org\/{rel}","templated":true}]}}