{"id":12095,"date":"2019-08-18T19:08:09","date_gmt":"2019-08-18T17:08:09","guid":{"rendered":"http:\/\/www.svzweckel.de\/?p=12095"},"modified":"2019-08-19T10:54:21","modified_gmt":"2019-08-19T08:54:21","slug":"unsere-zweitvertretung-gewinnt-erneut","status":"publish","type":"post","link":"https:\/\/www.svzweckel.de\/?p=12095","title":{"rendered":"Unsere Zweitvertretung gewinnt erneut"},"content":{"rendered":"<p>Die 2. Mannschaft des SV Zweckel hat auch ihr 2. Spiel in der Kreisliga B mit einem Sieg beendet.<br \/>\nNach dem \u00dcberzeugendem 4:0 in der letzten Woche haben unsere Jungs auch Ausw\u00e4rts einen 3er ein fahren k\u00f6nnen.<br \/>\n&#8222;Zur Halbzeit h\u00e4tte es schon deutlicher sein m\u00fcssen&#8220; so der Coach Karl Englich nach dem Spiel. Doch seine Jungs vergaben gerade in Halbzeit 1 einige &#8222;100%ige&#8220;.<br \/>\nTimur Akalin erzielte in der 10. Minute das 0:1 f\u00fcr die G\u00e4ste und Wladimir Schwanke erh\u00f6hte in der 26. Minute gar auf 0:2.<br \/>\n&#8222;Danach passieren dir 2 haarstr\u00e4ubende Fehler die noch vor der Halbzeit zum 2:2  f\u00fchrten.<br \/>\nWer aber an der Oststra\u00dfe darauf gehofft hatte, dass unsere 2. den vergebenen Chancen hinterher trauert sah sich get\u00e4uscht! Nach einem sch\u00f6nen &#8211; eigentlich ungef\u00e4hrlichen Freisto\u00df &#8211; bekam der Erler Verteidiger den Ball ungl\u00fccklich an die Schulter und der Ball flog kurios in den Kasten der Hausherren. Denis Crevatin erh\u00f6hte in der 76. Minute noch auf 2:4 und somit war der Sieg unter Dach und Fach.<br \/>\n&#8222;Eine tolle Leistung meiner Truppe&#8220; urteilte Karl nach Abpfiff.<br \/>\nDie Zweckeler Reserve belegt somit nach 2 Spielen den 2. Rang in der Tabelle der Kreisliga B!<br \/>\nGl\u00fcckwunsch und weiter so!!<\/p>\n","protected":false},"excerpt":{"rendered":"<p>Die 2. Mannschaft des SV Zweckel hat auch ihr 2. Spiel in der Kreisliga B mit einem Sieg beendet. Nach dem \u00dcberzeugendem 4:0 in der letzten Woche haben unsere Jungs auch Ausw\u00e4rts einen 3er ein fahren k\u00f6nnen. &#8222;Zur Halbzeit h\u00e4tte es schon deutlicher sein m\u00fcssen&#8220; so der Coach Karl Englich nach dem Spiel. Doch seine [&hellip;]<\/p>\n","protected":false},"author":3,"featured_media":12092,"comment_status":"open","ping_status":"open","sticky":false,"template":"","format":"standard","meta":{"_jetpack_memberships_contains_paid_content":false,"footnotes":"","jetpack_publicize_message":"","jetpack_publicize_feature_enabled":true,"jetpack_social_post_already_shared":false,"jetpack_social_options":{"image_generator_settings":{"template":"highway","default_image_id":0,"font":"","enabled":false},"version":2}},"categories":[20],"tags":[],"class_list":["post-12095","post","type-post","status-publish","format-standard","has-post-thumbnail","hentry","category-2-mannschaft"],"jetpack_publicize_connections":[],"jetpack_featured_media_url":"https:\/\/i0.wp.com\/www.svzweckel.de\/wp-content\/uploads\/2019\/08\/20190818_1333520.jpg?fit=800%2C450&ssl=1","jetpack_sharing_enabled":true,"_links":{"self":[{"href":"https:\/\/www.svzweckel.de\/index.php?rest_route=\/wp\/v2\/posts\/12095","targetHints":{"allow":["GET"]}}],"collection":[{"href":"https:\/\/www.svzweckel.de\/index.php?rest_route=\/wp\/v2\/posts"}],"about":[{"href":"https:\/\/www.svzweckel.de\/index.php?rest_route=\/wp\/v2\/types\/post"}],"author":[{"embeddable":true,"href":"https:\/\/www.svzweckel.de\/index.php?rest_route=\/wp\/v2\/users\/3"}],"replies":[{"embeddable":true,"href":"https:\/\/www.svzweckel.de\/index.php?rest_route=%2Fwp%2Fv2%2Fcomments&post=12095"}],"version-history":[{"count":0,"href":"https:\/\/www.svzweckel.de\/index.php?rest_route=\/wp\/v2\/posts\/12095\/revisions"}],"wp:featuredmedia":[{"embeddable":true,"href":"https:\/\/www.svzweckel.de\/index.php?rest_route=\/wp\/v2\/media\/12092"}],"wp:attachment":[{"href":"https:\/\/www.svzweckel.de\/index.php?rest_route=%2Fwp%2Fv2%2Fmedia&parent=12095"}],"wp:term":[{"taxonomy":"category","embeddable":true,"href":"https:\/\/www.svzweckel.de\/index.php?rest_route=%2Fwp%2Fv2%2Fcategories&post=12095"},{"taxonomy":"post_tag","embeddable":true,"href":"https:\/\/www.svzweckel.de\/index.php?rest_route=%2Fwp%2Fv2%2Ftags&post=12095"}],"curies":[{"name":"wp","href":"https:\/\/api.w.org\/{rel}","templated":true}]}}