{"id":12130,"date":"2019-08-25T21:00:36","date_gmt":"2019-08-25T19:00:36","guid":{"rendered":"http:\/\/www.svzweckel.de\/?p=12130"},"modified":"2019-08-25T21:00:43","modified_gmt":"2019-08-25T19:00:43","slug":"ueberzeugender-sieg-der-zweiten-gegen-kirchhellen","status":"publish","type":"post","link":"https:\/\/www.svzweckel.de\/?p=12130","title":{"rendered":"\u00dcberzeugender Sieg der Zweiten gegen Kirchhellen"},"content":{"rendered":"<p>SV Zweckel II &#8211; VfB Kirchhellen III 7:0 (3:0)<\/p>\n<p>Die Schwarz-Gr\u00fcnen begannen druckvoll und erspielten sich schon in der ersten Viertelstunde einige Torchanchen. In der 16. Minute schlug Torj\u00e4ger Wladimir Schwanke zu und brachte seine Farben in F\u00fchrung. Nur 6 Minuten sp\u00e4ter erh\u00f6hte Timurcan Tiska auf 2:0, ehe sich Wladimier Schwanke abermals gut durchsetzte und in der 30. Minute auf 3:0 erh\u00f6hte.<\/p>\n<p>Nach der Pause lie\u00dfen die Zweckeler Ball und Gegner weiter laufen und zwangsl\u00e4ufig ergaben sich wieder einige Torchancen. Wladimir Schwanke machte in der 50. Minute sein drittes Tor zum 4:0. Das Spiel war nun gelaufen und der Widerstand der Kirchhellener erlahmte. Die Gastgeber konnten durch Sebastian Hallmann, Louis Budzyk und nochmals Timurcan Tiska auf 7:0 erh\u00f6hen und brachten dieses Spiel souver\u00e4n zu Ende.<\/p>\n<p>Am heutigen Sonntag lie\u00dfen die Zweckeler kaum Chancen der G\u00e4ste zu und standen absolut sicher in der Defensive. Mit schnellen Spielz\u00fcgen nach vorne \u00fcberraschten sie die gegnerischen Abwehr und konnten auch nach Pause noch nachlegen. Am Ende stand nicht nur ein \u00fcberzeugender Sieg, sondern auch die \u00fcberraschende Tabellenf\u00fchrung in der Kreisliga B1.<\/p>\n<p>Nach dem dritten Spieltag hat die Tabelle nat\u00fcrlich noch nicht die Aussagekraft, trotzdem ist es f\u00fcr die junge Mannschaft ein toller Ansporn, den Platz an der Sonne in der n\u00e4chsten Woche beim Ausw\u00e4rtsspiel bei FSM Gadbeck II zu verteidigen.<\/p>\n<p>Trainer Karl Englich hat in der letzten Woche zurecht ge\u00e4u\u00dfert, dass das Team noch keine Spitzenmannschaft ist. Sollten die Zweckeler jedoch solche Spiele wie gegen Kirchhellen wiederholen, k\u00f6nnte sie zu einer Mannschaft in der Spitzengruppe reifen.\u00a0 Zurzeit macht es jedenfalls Spa\u00df den Jungs auf dem Feld zuzusehen.<\/p>\n","protected":false},"excerpt":{"rendered":"<p>SV Zweckel II &#8211; VfB Kirchhellen III 7:0 (3:0) Die Schwarz-Gr\u00fcnen begannen druckvoll und erspielten sich schon in der ersten Viertelstunde einige Torchanchen. In der 16. Minute schlug Torj\u00e4ger Wladimir Schwanke zu und brachte seine Farben in F\u00fchrung. Nur 6 Minuten sp\u00e4ter erh\u00f6hte Timurcan Tiska auf 2:0, ehe sich Wladimier Schwanke abermals gut durchsetzte und [&hellip;]<\/p>\n","protected":false},"author":3,"featured_media":12132,"comment_status":"open","ping_status":"open","sticky":false,"template":"","format":"standard","meta":{"_jetpack_memberships_contains_paid_content":false,"footnotes":"","jetpack_publicize_message":"","jetpack_publicize_feature_enabled":true,"jetpack_social_post_already_shared":false,"jetpack_social_options":{"image_generator_settings":{"template":"highway","default_image_id":0,"font":"","enabled":false},"version":2}},"categories":[20],"tags":[],"class_list":["post-12130","post","type-post","status-publish","format-standard","has-post-thumbnail","hentry","category-2-mannschaft"],"jetpack_publicize_connections":[],"jetpack_featured_media_url":"https:\/\/i0.wp.com\/www.svzweckel.de\/wp-content\/uploads\/2019\/08\/DSC_0151.jpg?fit=5504%2C3096&ssl=1","jetpack_sharing_enabled":true,"_links":{"self":[{"href":"https:\/\/www.svzweckel.de\/index.php?rest_route=\/wp\/v2\/posts\/12130","targetHints":{"allow":["GET"]}}],"collection":[{"href":"https:\/\/www.svzweckel.de\/index.php?rest_route=\/wp\/v2\/posts"}],"about":[{"href":"https:\/\/www.svzweckel.de\/index.php?rest_route=\/wp\/v2\/types\/post"}],"author":[{"embeddable":true,"href":"https:\/\/www.svzweckel.de\/index.php?rest_route=\/wp\/v2\/users\/3"}],"replies":[{"embeddable":true,"href":"https:\/\/www.svzweckel.de\/index.php?rest_route=%2Fwp%2Fv2%2Fcomments&post=12130"}],"version-history":[{"count":0,"href":"https:\/\/www.svzweckel.de\/index.php?rest_route=\/wp\/v2\/posts\/12130\/revisions"}],"wp:featuredmedia":[{"embeddable":true,"href":"https:\/\/www.svzweckel.de\/index.php?rest_route=\/wp\/v2\/media\/12132"}],"wp:attachment":[{"href":"https:\/\/www.svzweckel.de\/index.php?rest_route=%2Fwp%2Fv2%2Fmedia&parent=12130"}],"wp:term":[{"taxonomy":"category","embeddable":true,"href":"https:\/\/www.svzweckel.de\/index.php?rest_route=%2Fwp%2Fv2%2Fcategories&post=12130"},{"taxonomy":"post_tag","embeddable":true,"href":"https:\/\/www.svzweckel.de\/index.php?rest_route=%2Fwp%2Fv2%2Ftags&post=12130"}],"curies":[{"name":"wp","href":"https:\/\/api.w.org\/{rel}","templated":true}]}}