{"id":12236,"date":"2019-09-08T22:25:59","date_gmt":"2019-09-08T20:25:59","guid":{"rendered":"http:\/\/www.svzweckel.de\/?p=12236"},"modified":"2019-09-09T13:34:37","modified_gmt":"2019-09-09T11:34:37","slug":"zweckel-ii-weiter-auf-1","status":"publish","type":"post","link":"https:\/\/www.svzweckel.de\/?p=12236","title":{"rendered":"Zweckel II weiter auf 1"},"content":{"rendered":"<p>SV Zweckel II : SG Preu\u00dfen Gladbeck II 4:0<\/p>\n<p><strong>Englichs Truppe siegt auch gegen Preu\u00dfen II<\/strong><\/p>\n<p>&#8222;Das war spielerisch sehr gut&#8220; waren sich die Zuschauer nach dem Spiel einig!<br \/>\nSchon fr\u00fch machten die Hausherren deutlich dass sie das Spiel heute nicht so spannend gestallten wollten. Direkt nach Anpfiff kombinierten die Mannen von Karl Englich sich nach vorne und erspielten sich direkt die erste Torchance. Z\u00e4hlbares kam dabei jedoch noch nicht heraus.<br \/>\nSo dauerte es aber gerade mal 13 Minuten bis die Zweckeler zum ersten Mal jubeln durften. Wladimir Schwanke wurde musterg\u00fcltig in die Tiefe geschickt und konnte seinen Alleingang sch\u00f6n mit seinem bereits 7. Saisontreffer kr\u00f6nen!<br \/>\nWieder 13 Minuten sp\u00e4ter, also in Minute 26, konnte Benny Flohr einen vom gegnerischen Torh\u00fcter gut parierten Schuss zm 2:0 abstauben.<br \/>\nIn der 41. Minute war der Zweckeler Torj\u00e4ger Schwanke dann wieder zur Stelle und markierte seinen 8. Saisontreffer zum Halbzeitstand von 3:0!<\/p>\n<p>&#8222;Ich habe auch \u00fcber rot nachgedacht&#8220; so der gute Schiedsrichter nach dem Spiel &#8222;aber ich wollte die ansonsten faire Partie nicht unn\u00f6tig hektischer machen.&#8220; &#8212; was war passiert?<br \/>\nEin ziemlich unn\u00f6tiges Foul an Tim Schmidt im Mittelfeld lie\u00df die Gem\u00fcter kurz vor der Pause (Min.44) noch mal kurz hoch kochen.<br \/>\nDann ging es aber ab in die Halbzeit&#8230;<\/p>\n<p><strong>Halbzeit 2 &#8211; gleiches Bild<\/strong><\/p>\n<p>Die Zweckler machten Druck und erspielten sich zahlreiche Torchancen. Der G\u00e4stekeeper war aber meist gut zur Stelle und parierte sehr gut. Wenn der Keeper geschlagen war dann verhinderte das Aluminium zun\u00e4chst noch die Vorentscheidung an der Dorstener Stra\u00dfe. In der 87. Minute dann die endg\u00fcltige Entscheidung f\u00fcr unsere Truppe. Tim Schmidt haute einen Ball aus ca. 22 Metern an dem G\u00e4stekeeper vorbei ins Eck und lie\u00df seine Mannen zum 4. Mal jubeln!<br \/>\n4:0 &#8211; das war somit auch das Endergebnis!<br \/>\nDamit hat die Reserve nun schon zum 4. Mal im 5. Spiel zu Null gewonnen! Bleibt abzuwarten wohin der Weg f\u00fcr unsere Zweitvertretung f\u00fchrt.<\/p>\n<p>Am n\u00e4chsten Wochenende geht es f\u00fcr die Reserve nach Wacker Gladbeck. &#8222;Schade, dass dort auch um 15 Uhr Ansto\u00df ist, denn unsere Reserve ist auch jede Unterst\u00fctzung Wert!&#8220; &#8211; so klang es aus manch einem Munde des Anhangs!<\/p>\n","protected":false},"excerpt":{"rendered":"<p>SV Zweckel II : SG Preu\u00dfen Gladbeck II 4:0 Englichs Truppe siegt auch gegen Preu\u00dfen II &#8222;Das war spielerisch sehr gut&#8220; waren sich die Zuschauer nach dem Spiel einig! Schon fr\u00fch machten die Hausherren deutlich dass sie das Spiel heute nicht so spannend gestallten wollten. Direkt nach Anpfiff kombinierten die Mannen von Karl Englich sich [&hellip;]<\/p>\n","protected":false},"author":3,"featured_media":12235,"comment_status":"open","ping_status":"open","sticky":false,"template":"","format":"standard","meta":{"_jetpack_memberships_contains_paid_content":false,"footnotes":"","jetpack_publicize_message":"","jetpack_publicize_feature_enabled":true,"jetpack_social_post_already_shared":false,"jetpack_social_options":{"image_generator_settings":{"template":"highway","default_image_id":0,"font":"","enabled":false},"version":2}},"categories":[20],"tags":[],"class_list":["post-12236","post","type-post","status-publish","format-standard","has-post-thumbnail","hentry","category-2-mannschaft"],"jetpack_publicize_connections":[],"jetpack_featured_media_url":"https:\/\/i0.wp.com\/www.svzweckel.de\/wp-content\/uploads\/2019\/09\/20190908_1634480.jpg?fit=2644%2C1429&ssl=1","jetpack_sharing_enabled":true,"_links":{"self":[{"href":"https:\/\/www.svzweckel.de\/index.php?rest_route=\/wp\/v2\/posts\/12236","targetHints":{"allow":["GET"]}}],"collection":[{"href":"https:\/\/www.svzweckel.de\/index.php?rest_route=\/wp\/v2\/posts"}],"about":[{"href":"https:\/\/www.svzweckel.de\/index.php?rest_route=\/wp\/v2\/types\/post"}],"author":[{"embeddable":true,"href":"https:\/\/www.svzweckel.de\/index.php?rest_route=\/wp\/v2\/users\/3"}],"replies":[{"embeddable":true,"href":"https:\/\/www.svzweckel.de\/index.php?rest_route=%2Fwp%2Fv2%2Fcomments&post=12236"}],"version-history":[{"count":0,"href":"https:\/\/www.svzweckel.de\/index.php?rest_route=\/wp\/v2\/posts\/12236\/revisions"}],"wp:featuredmedia":[{"embeddable":true,"href":"https:\/\/www.svzweckel.de\/index.php?rest_route=\/wp\/v2\/media\/12235"}],"wp:attachment":[{"href":"https:\/\/www.svzweckel.de\/index.php?rest_route=%2Fwp%2Fv2%2Fmedia&parent=12236"}],"wp:term":[{"taxonomy":"category","embeddable":true,"href":"https:\/\/www.svzweckel.de\/index.php?rest_route=%2Fwp%2Fv2%2Fcategories&post=12236"},{"taxonomy":"post_tag","embeddable":true,"href":"https:\/\/www.svzweckel.de\/index.php?rest_route=%2Fwp%2Fv2%2Ftags&post=12236"}],"curies":[{"name":"wp","href":"https:\/\/api.w.org\/{rel}","templated":true}]}}