{"id":12246,"date":"2019-09-09T14:56:13","date_gmt":"2019-09-09T12:56:13","guid":{"rendered":"http:\/\/www.svzweckel.de\/?p=12246"},"modified":"2019-09-09T14:56:13","modified_gmt":"2019-09-09T12:56:13","slug":"die-wochen-der-wahrheit-beginnen","status":"publish","type":"post","link":"https:\/\/www.svzweckel.de\/?p=12246","title":{"rendered":"Die Wochen der Wahrheit beginnen!"},"content":{"rendered":"<p><span style=\"font-family: georgia,palatino,serif;\"><strong><span style=\"color: #000000;\">Sonntag, 15.09.19, 15.00 Uhr: Wacker Gladeck &#8211; SV Zweckel II<\/span><\/strong><\/span><\/p>\n<p><span style=\"color: #000000; font-family: georgia,palatino,serif;\">Die n\u00e4chsten drei Spieltage des SV Zweckel entscheiden \u00fcber den weiteren Verlauf der Saison. Die junge Zweckeler Truppe trifft auf die starken Mannschaften von Wacker Gladbeck, Hansa Scholven und BV Rentfort III. Diese belegen derzeit die Tabellenpl\u00e4tze 4 bis 6 und sind als Gradmesser f\u00fcr den SV Zweckel echte Herausforderungen. <\/span><\/p>\n<p><span style=\"color: #000000; font-family: georgia,palatino,serif;\">Beginnen werden die Zweckeler mit einem Ausw\u00e4rtsspiel bei Wacker am Stadion in Gladbeck. Vorstand und Trainer von Wacker Gladbeck haben laut WAZ vom 03.07.19 den Aufstieg in die Kreisliga A als klares Ziel formuliert. F\u00fcnf Spiele hat der Gastgeber bisher absolviert und davon drei gewonnen. Nur gegen die Spitzenteams SB Gladbeck und SW B\u00fclse, die auf dem zweiten bzw. dritten Tabellenplatz der Kreisliga B1 rangieren, setzte es zwei Niederlagen. <\/span><\/p>\n<p><span style=\"color: #000000; font-family: georgia,palatino,serif;\">Auf der anderen Seite kommt der SV Zweckel mit bl\u00fctenreiner Weste und einem starken Torverh\u00e4ltnis an die Burgstra\u00dfe. Vier Spiele lie\u00dfen die Schwarz-Gr\u00fcnen keinen Gegentreffer zu; nur bei der Spvgg Erle 19 II kassierte die Mannschaft von Karl Englich zwei Gegentreffer. <\/span><\/p>\n<p><span style=\"color: #000000; font-family: georgia,palatino,serif;\">Der Zweckeler Trainer kehrt an seine alte Wirkungsst\u00e4tte zur\u00fcck, denn vor 15 Jahren stieg er als verantwortlicher Trainer mit Wacker Gladbeck in die Bezirksliga auf. Das ist schon lange her und der Zweckeler Trainer kann seinem ehemaligen Verein die Suppe schon ziemlich fr\u00fch in der Saison versalzen. Sollte Zweckel in Wacker gewinnen, ist der Aufstiegszug f\u00fcr Wacker Gladbeck erst einmal abgefahren.<\/span><\/p>\n<p><span style=\"color: #000000; font-family: georgia,palatino,serif;\">Die Schwarz-Gr\u00fcnen haben zwar derzeit einen Lauf, m\u00fcssen jedoch nach wie vor \u201eauf dem Teppich\u201c bleiben, denn in Wacker muss die Mannschaft alle Tugenden abrufen, um dort erfolgreich zu bestehen. <\/span><\/p>\n<p>&nbsp;<\/p>\n","protected":false},"excerpt":{"rendered":"<p>Sonntag, 15.09.19, 15.00 Uhr: Wacker Gladeck &#8211; SV Zweckel II Die n\u00e4chsten drei Spieltage des SV Zweckel entscheiden \u00fcber den weiteren Verlauf der Saison. Die junge Zweckeler Truppe trifft auf die starken Mannschaften von Wacker Gladbeck, Hansa Scholven und BV Rentfort III. Diese belegen derzeit die Tabellenpl\u00e4tze 4 bis 6 und sind als Gradmesser f\u00fcr [&hellip;]<\/p>\n","protected":false},"author":3,"featured_media":12133,"comment_status":"open","ping_status":"open","sticky":false,"template":"","format":"standard","meta":{"_jetpack_memberships_contains_paid_content":false,"footnotes":"","jetpack_publicize_message":"","jetpack_publicize_feature_enabled":true,"jetpack_social_post_already_shared":false,"jetpack_social_options":{"image_generator_settings":{"template":"highway","default_image_id":0,"font":"","enabled":false},"version":2}},"categories":[20],"tags":[],"class_list":["post-12246","post","type-post","status-publish","format-standard","has-post-thumbnail","hentry","category-2-mannschaft"],"jetpack_publicize_connections":[],"jetpack_featured_media_url":"https:\/\/i0.wp.com\/www.svzweckel.de\/wp-content\/uploads\/2019\/08\/DSC_0141.jpg?fit=5504%2C3096&ssl=1","jetpack_sharing_enabled":true,"_links":{"self":[{"href":"https:\/\/www.svzweckel.de\/index.php?rest_route=\/wp\/v2\/posts\/12246","targetHints":{"allow":["GET"]}}],"collection":[{"href":"https:\/\/www.svzweckel.de\/index.php?rest_route=\/wp\/v2\/posts"}],"about":[{"href":"https:\/\/www.svzweckel.de\/index.php?rest_route=\/wp\/v2\/types\/post"}],"author":[{"embeddable":true,"href":"https:\/\/www.svzweckel.de\/index.php?rest_route=\/wp\/v2\/users\/3"}],"replies":[{"embeddable":true,"href":"https:\/\/www.svzweckel.de\/index.php?rest_route=%2Fwp%2Fv2%2Fcomments&post=12246"}],"version-history":[{"count":0,"href":"https:\/\/www.svzweckel.de\/index.php?rest_route=\/wp\/v2\/posts\/12246\/revisions"}],"wp:featuredmedia":[{"embeddable":true,"href":"https:\/\/www.svzweckel.de\/index.php?rest_route=\/wp\/v2\/media\/12133"}],"wp:attachment":[{"href":"https:\/\/www.svzweckel.de\/index.php?rest_route=%2Fwp%2Fv2%2Fmedia&parent=12246"}],"wp:term":[{"taxonomy":"category","embeddable":true,"href":"https:\/\/www.svzweckel.de\/index.php?rest_route=%2Fwp%2Fv2%2Fcategories&post=12246"},{"taxonomy":"post_tag","embeddable":true,"href":"https:\/\/www.svzweckel.de\/index.php?rest_route=%2Fwp%2Fv2%2Ftags&post=12246"}],"curies":[{"name":"wp","href":"https:\/\/api.w.org\/{rel}","templated":true}]}}