{"id":1227,"date":"2014-10-11T17:01:04","date_gmt":"2014-10-11T17:01:04","guid":{"rendered":"http:\/\/www.svzweckel.de\/?p=1227"},"modified":"2014-10-11T18:21:44","modified_gmt":"2014-10-11T18:21:44","slug":"in-unterzahl-zum-unentschieden","status":"publish","type":"post","link":"https:\/\/www.svzweckel.de\/?p=1227","title":{"rendered":"In Unterzahl zum Unentschieden."},"content":{"rendered":"<p><strong>SV Zweckel II &#8211; Eintracht Erle 1:1 (0:1)<\/strong><\/p>\n<p>Bereits am heutigen Samstag hat die Reserve Eintracht Erle zu Gast im K\u00e4fig. Vor einer guten Zuschauerkulissse spielte die Mannschaft von S\u00f6ren Sch\u00fcrer und Co-Trainer Boris Crevatin in der ersten Halbzeit alles andere als \u00fcberzeugend. Tim Helwig und Emre Alkac aus dem Kader der Ersten sollten die Offensive beleben, was jedoch nur zum Teil gelang. Tim Helwig zielte in der ersten Halbzeit zu ungenau und konnte das Spielger\u00e4t nicht im gegnerischen Tor unterbringen. Die Abwehr mit den Innenverteidigern Enes Aldirmaz und David Kulina stand im gesamten Spiel relativ sicher und lie\u00df dem Gegner nur wenig Raum. Trotzdem gingen die Erler in der 32. Minute in F\u00fchrung, als die Abseitsfalle nicht zuschnappte und ein G\u00e4stest\u00fcrmer alleine aufs Tor zulief und dem Keeper Mustafa Akmes im Tor keine Chance lie\u00df. Statt eine vorhandene Einschussm\u00f6glichkeit zu nutzen, lage die Reserve pl\u00f6tzlich hinten.<br \/>\nDer SVZ reagierte mit w\u00fctenden aber meist kopflosen Angriffen. Mit dem R\u00fcckstand wurden die Seiten gewechselt.<br \/>\nMit der Einwechselung vn Mehmet Karabulut f\u00fcr Dennis Crevatin sollte die Offensive nochmals verst\u00e4rkt werden und auch mit Yasin Karaca f\u00fcr Mike Jungnickel wurde das Spiel der Zweiten nochmals belebt. In der 58. Minute schob der G\u00e4stekeeper Ekrem Kapusuz r\u00fcde zur Seite und der Jungspund beschwerte sich mehrfach beim Schiedsrichter, der ihm daraufhin die Gelbe Karte pr\u00e4sentierte. Das f\u00fchrte aber nicht dazu, dass der Spieler runterfuhr, denn er schimpfte weiter, so dass der Schiedsrichter ihm folgerichtig die Gelb-rote Karte pr\u00e4sentierte. Damit schw\u00e4chte sich die jugen Zweckeler Mannschaft durch eine Undiszipliniertheit selber wie schon im Spiel in Horst II. Mit nun neun Feldspielern setzten die Zweckeler noch einmal alles auf eine Karte und erarbeiteten sich einige Gro\u00dfchancen. Der Gastgeber musste allerdings bis zur 80. Minute warten, als Davind Kulina nach einem Eckball per Kopf zum nun verdienten Ausgleich traf. Bei etwas mehr Gl\u00fcck h\u00e4tte es sogar noch zum Siegtreffer reichen k\u00f6nnen, aber das w\u00e4re am heutigen Tag vielleicht doch des Guten zu viel gewesen. Der SV Zweckel spielte am heutigen Tag nicht so gut, dass alle Beteiligten zufrieden sein k\u00f6nnen. Insofern geht das Unentschieden auch in Ordnung.<\/p>\n","protected":false},"excerpt":{"rendered":"<p>SV Zweckel II &#8211; Eintracht Erle 1:1 (0:1) Bereits am heutigen Samstag hat die Reserve Eintracht Erle zu Gast im K\u00e4fig. Vor einer guten Zuschauerkulissse spielte die Mannschaft von S\u00f6ren Sch\u00fcrer und Co-Trainer Boris Crevatin in der ersten Halbzeit alles andere als \u00fcberzeugend. Tim Helwig und Emre Alkac aus dem Kader der Ersten sollten die [&hellip;]<\/p>\n","protected":false},"author":3,"featured_media":0,"comment_status":"open","ping_status":"open","sticky":false,"template":"","format":"standard","meta":{"_jetpack_memberships_contains_paid_content":false,"footnotes":"","jetpack_publicize_message":"","jetpack_publicize_feature_enabled":true,"jetpack_social_post_already_shared":false,"jetpack_social_options":{"image_generator_settings":{"template":"highway","default_image_id":0,"font":"","enabled":false},"version":2}},"categories":[20],"tags":[],"class_list":["post-1227","post","type-post","status-publish","format-standard","hentry","category-2-mannschaft"],"jetpack_publicize_connections":[],"jetpack_featured_media_url":"","jetpack_sharing_enabled":true,"_links":{"self":[{"href":"https:\/\/www.svzweckel.de\/index.php?rest_route=\/wp\/v2\/posts\/1227","targetHints":{"allow":["GET"]}}],"collection":[{"href":"https:\/\/www.svzweckel.de\/index.php?rest_route=\/wp\/v2\/posts"}],"about":[{"href":"https:\/\/www.svzweckel.de\/index.php?rest_route=\/wp\/v2\/types\/post"}],"author":[{"embeddable":true,"href":"https:\/\/www.svzweckel.de\/index.php?rest_route=\/wp\/v2\/users\/3"}],"replies":[{"embeddable":true,"href":"https:\/\/www.svzweckel.de\/index.php?rest_route=%2Fwp%2Fv2%2Fcomments&post=1227"}],"version-history":[{"count":0,"href":"https:\/\/www.svzweckel.de\/index.php?rest_route=\/wp\/v2\/posts\/1227\/revisions"}],"wp:attachment":[{"href":"https:\/\/www.svzweckel.de\/index.php?rest_route=%2Fwp%2Fv2%2Fmedia&parent=1227"}],"wp:term":[{"taxonomy":"category","embeddable":true,"href":"https:\/\/www.svzweckel.de\/index.php?rest_route=%2Fwp%2Fv2%2Fcategories&post=1227"},{"taxonomy":"post_tag","embeddable":true,"href":"https:\/\/www.svzweckel.de\/index.php?rest_route=%2Fwp%2Fv2%2Ftags&post=1227"}],"curies":[{"name":"wp","href":"https:\/\/api.w.org\/{rel}","templated":true}]}}