{"id":12382,"date":"2019-09-20T15:38:22","date_gmt":"2019-09-20T13:38:22","guid":{"rendered":"http:\/\/www.svzweckel.de\/?p=12382"},"modified":"2019-09-20T16:00:09","modified_gmt":"2019-09-20T14:00:09","slug":"1-zweckler-dartverein-startet-in-die-saison","status":"publish","type":"post","link":"https:\/\/www.svzweckel.de\/?p=12382","title":{"rendered":"1. Zweckler Dartverein startet in die Saison"},"content":{"rendered":"<p><strong>Heute Abend geht es endlich wieder los<\/strong><\/p>\n<p>Der 1. Zweckler Dartverein startet heute Abend am mitlerweile 3. Spieltag in der Bezirksoberliga (im Dart die 2. Bundesliga)<\/p>\n<p>&#8222;Es sind wieder alle Mann an Bord und `Board`&#8220; sagte der Kapit\u00e4n Steven Markowiak freudestrahlend. Und so ist heute Abend wieder Dartsport im Vereinheim an der Dorstener Stra\u00dfe an gesagt!<br \/>\nAnwurf wird um 20:00 Uhr sein!<br \/>\nDer Gegner ist NKB Night Birds die bisher auch erst ein Spiel hinter sich gebracht haben. 10:10 stand es dort nach 20 Spielen und es musste ein sogenanntes Team-Leg gespielt wwerden welcher der heutige Gegner aus Wickede dann f\u00fcr sich entscheiden konnte.<\/p>\n<p>\u00dcber zahlreiche Unterst\u00fctzung w\u00fcrden sich unsere Jungs heute Abend sehr freuen!<\/p>\n<p>Und auch vom ganzen Zweckler Team &#8211; &#8222;Gut Darts&#8220; !!<\/p>\n","protected":false},"excerpt":{"rendered":"<p>Heute Abend geht es endlich wieder los Der 1. Zweckler Dartverein startet heute Abend am mitlerweile 3. Spieltag in der Bezirksoberliga (im Dart die 2. Bundesliga) &#8222;Es sind wieder alle Mann an Bord und `Board`&#8220; sagte der Kapit\u00e4n Steven Markowiak freudestrahlend. Und so ist heute Abend wieder Dartsport im Vereinheim an der Dorstener Stra\u00dfe an [&hellip;]<\/p>\n","protected":false},"author":3,"featured_media":12380,"comment_status":"open","ping_status":"open","sticky":false,"template":"","format":"standard","meta":{"_jetpack_memberships_contains_paid_content":false,"footnotes":"","jetpack_publicize_message":"","jetpack_publicize_feature_enabled":true,"jetpack_social_post_already_shared":false,"jetpack_social_options":{"image_generator_settings":{"template":"highway","default_image_id":0,"font":"","enabled":false},"version":2}},"categories":[48],"tags":[],"class_list":["post-12382","post","type-post","status-publish","format-standard","has-post-thumbnail","hentry","category-darts-abteilung"],"jetpack_publicize_connections":[],"jetpack_featured_media_url":"https:\/\/i0.wp.com\/www.svzweckel.de\/wp-content\/uploads\/2019\/09\/SVZweckel-Darts.png?fit=318%2C356&ssl=1","jetpack_sharing_enabled":true,"_links":{"self":[{"href":"https:\/\/www.svzweckel.de\/index.php?rest_route=\/wp\/v2\/posts\/12382","targetHints":{"allow":["GET"]}}],"collection":[{"href":"https:\/\/www.svzweckel.de\/index.php?rest_route=\/wp\/v2\/posts"}],"about":[{"href":"https:\/\/www.svzweckel.de\/index.php?rest_route=\/wp\/v2\/types\/post"}],"author":[{"embeddable":true,"href":"https:\/\/www.svzweckel.de\/index.php?rest_route=\/wp\/v2\/users\/3"}],"replies":[{"embeddable":true,"href":"https:\/\/www.svzweckel.de\/index.php?rest_route=%2Fwp%2Fv2%2Fcomments&post=12382"}],"version-history":[{"count":0,"href":"https:\/\/www.svzweckel.de\/index.php?rest_route=\/wp\/v2\/posts\/12382\/revisions"}],"wp:featuredmedia":[{"embeddable":true,"href":"https:\/\/www.svzweckel.de\/index.php?rest_route=\/wp\/v2\/media\/12380"}],"wp:attachment":[{"href":"https:\/\/www.svzweckel.de\/index.php?rest_route=%2Fwp%2Fv2%2Fmedia&parent=12382"}],"wp:term":[{"taxonomy":"category","embeddable":true,"href":"https:\/\/www.svzweckel.de\/index.php?rest_route=%2Fwp%2Fv2%2Fcategories&post=12382"},{"taxonomy":"post_tag","embeddable":true,"href":"https:\/\/www.svzweckel.de\/index.php?rest_route=%2Fwp%2Fv2%2Ftags&post=12382"}],"curies":[{"name":"wp","href":"https:\/\/api.w.org\/{rel}","templated":true}]}}