{"id":12391,"date":"2019-09-21T10:32:24","date_gmt":"2019-09-21T08:32:24","guid":{"rendered":"http:\/\/www.svzweckel.de\/?p=12391"},"modified":"2019-09-21T20:35:47","modified_gmt":"2019-09-21T18:35:47","slug":"gelungener-start-in-die-bzo","status":"publish","type":"post","link":"https:\/\/www.svzweckel.de\/?p=12391","title":{"rendered":"Gelungener Start in die BZO"},"content":{"rendered":"<p><strong>Der 1. Zweckeler Dartverein startet mit einem deutlichen Sieg in die neue Saison.<\/strong><\/p>\n<p>Vor Beginn der Partie \u00fcberreichten 2 Vorstandsmitglieder der Mannschaft um Kapit\u00e4n Steven 2 Flaschen Schnaps und gratulierten den Dartern zum erneuten Aufstieg! Die Zweckeler bedankten sich artig mit einem drei mal kr\u00e4ftigen &#8222;Gut Dart&#8220;<br \/>\n&#8222;Wir sind stolz ein super Team in unseren Reihen zu haben&#8220; sagte Michael Erlhoff vor der Partie.<\/p>\n<p>Gl\u00fcckwunsch auch noch mal an dieser Stelle von den Vereinsvertretern!<\/p>\n<p><strong>Zum gestrigen Match..<\/strong><\/p>\n<p>Gestartet wurde wie gewohnt auch in der neuen Saison wieder mit 2 Doppelbegegnungen! Steven stand mit Neuzugang David am Bord und f\u00fchrte ihn somit in unserem Verein ein. Das zweite Doppel bildeten Christian (Bunny) und Ralf (Schubi) Schubert.<br \/>\nDie Doppel wurden direkt mit je 2:0 gewonnen, so dass der Einstieg in die neue Saison schon sehr fr\u00fch zu gelingen schien.<br \/>\nAnschlie\u00dfend gab es die ersten Einzelspiele. Dort gibt es eine \u00c4nderung zur vorherigen Saison. In der BZO (2.Liga) wird ein sogenanntes `best of five`gespielt. Das hei\u00dft, dass dort 3 Gewinns\u00e4tze n\u00f6tig sind um Punkte ein zu fahren.<br \/>\nDer 1. Zweckeler Dartverein kn\u00fcpfte an die sehr guten Leistungen der letzten Saison an und f\u00fchrte zur Halbzeit souver\u00e4n mit 9:1!!<br \/>\nDie n\u00e4chsten Doppel konnten also schon die Entscheidungen bringen!<br \/>\nDiese wurden auch wieder ohne Gefahr gewonnen, so dass der Sieg nach 12 Spieln schon unter Dach und Fach war.<br \/>\nIm weiteren Verlauf konnte auch die Reserve noch ihr K\u00f6nnen unter beweis stellen. Schubi und Bunny r\u00e4umten ihre Pl\u00e4tze f\u00fcr Basti und Simon.<br \/>\nDie beiden taten es ihren Mannschaftskameraden nach und brachten ihre Spiele auch nach Hause.<br \/>\nAm Ende hie\u00df es dann 18:2 f\u00fcr die Zweckler Jungs &#8211; und somit waren die ersten 3 Punkte an der Dorstener Stra\u00dfe zu verzeichnen.<\/p>\n<p><strong>Fazit:<\/strong><br \/>\nTolle Truppe &#8211; souver\u00e4ner Sieg<br \/>\nEs wurden einige 180er gezeigt &#8211; und selbst neben dem Bord wurde gut geworfen&#8230; Wolfgang (Wolle) Amling &#8211; auch dabei &#8211; schmiss die Zuvor erhaltene Asbachflasche treffsicher auf den Boden und schaffte es somit sie innerhalb 30 Sekunden nach erhalt zu leeren!:-D<\/p>\n<p>Lediglich Chriss (Kuss) Kulik und R\u00fcdiger (RG47) Groschke fehlten gestern arbeitsbedingt!<\/p>\n<p>Weiter so Jungs!!!<\/p>\n","protected":false},"excerpt":{"rendered":"<p>Der 1. Zweckeler Dartverein startet mit einem deutlichen Sieg in die neue Saison. Vor Beginn der Partie \u00fcberreichten 2 Vorstandsmitglieder der Mannschaft um Kapit\u00e4n Steven 2 Flaschen Schnaps und gratulierten den Dartern zum erneuten Aufstieg! Die Zweckeler bedankten sich artig mit einem drei mal kr\u00e4ftigen &#8222;Gut Dart&#8220; &#8222;Wir sind stolz ein super Team in unseren [&hellip;]<\/p>\n","protected":false},"author":3,"featured_media":12389,"comment_status":"open","ping_status":"open","sticky":false,"template":"","format":"standard","meta":{"_jetpack_memberships_contains_paid_content":false,"footnotes":"","jetpack_publicize_message":"","jetpack_publicize_feature_enabled":true,"jetpack_social_post_already_shared":false,"jetpack_social_options":{"image_generator_settings":{"template":"highway","default_image_id":0,"font":"","enabled":false},"version":2}},"categories":[48],"tags":[],"class_list":["post-12391","post","type-post","status-publish","format-standard","has-post-thumbnail","hentry","category-darts-abteilung"],"jetpack_publicize_connections":[],"jetpack_featured_media_url":"https:\/\/i0.wp.com\/www.svzweckel.de\/wp-content\/uploads\/2019\/09\/3.Spiel_.jpg?fit=800%2C450&ssl=1","jetpack_sharing_enabled":true,"_links":{"self":[{"href":"https:\/\/www.svzweckel.de\/index.php?rest_route=\/wp\/v2\/posts\/12391","targetHints":{"allow":["GET"]}}],"collection":[{"href":"https:\/\/www.svzweckel.de\/index.php?rest_route=\/wp\/v2\/posts"}],"about":[{"href":"https:\/\/www.svzweckel.de\/index.php?rest_route=\/wp\/v2\/types\/post"}],"author":[{"embeddable":true,"href":"https:\/\/www.svzweckel.de\/index.php?rest_route=\/wp\/v2\/users\/3"}],"replies":[{"embeddable":true,"href":"https:\/\/www.svzweckel.de\/index.php?rest_route=%2Fwp%2Fv2%2Fcomments&post=12391"}],"version-history":[{"count":0,"href":"https:\/\/www.svzweckel.de\/index.php?rest_route=\/wp\/v2\/posts\/12391\/revisions"}],"wp:featuredmedia":[{"embeddable":true,"href":"https:\/\/www.svzweckel.de\/index.php?rest_route=\/wp\/v2\/media\/12389"}],"wp:attachment":[{"href":"https:\/\/www.svzweckel.de\/index.php?rest_route=%2Fwp%2Fv2%2Fmedia&parent=12391"}],"wp:term":[{"taxonomy":"category","embeddable":true,"href":"https:\/\/www.svzweckel.de\/index.php?rest_route=%2Fwp%2Fv2%2Fcategories&post=12391"},{"taxonomy":"post_tag","embeddable":true,"href":"https:\/\/www.svzweckel.de\/index.php?rest_route=%2Fwp%2Fv2%2Ftags&post=12391"}],"curies":[{"name":"wp","href":"https:\/\/api.w.org\/{rel}","templated":true}]}}