{"id":12394,"date":"2019-09-21T18:56:08","date_gmt":"2019-09-21T16:56:08","guid":{"rendered":"http:\/\/www.svzweckel.de\/?p=12394"},"modified":"2019-09-21T20:31:31","modified_gmt":"2019-09-21T18:31:31","slug":"zweckel-ii-vs-hansa-scholven","status":"publish","type":"post","link":"https:\/\/www.svzweckel.de\/?p=12394","title":{"rendered":"Zweckel II vs. Hansa Scholven"},"content":{"rendered":"<p><strong>Spiel 1 nach der ersten Saisonniederlage<\/strong><\/p>\n<p>Am Sonntag treffen die Mannen rund um Trainer Karl Englich auf den direkten Nachbarn Hansa Scholven. Wenn die Schovener zu Fu\u00df kommen w\u00fcrden dann w\u00e4ren sie knappe 10 Minuten unterwegs.<br \/>\nNachdem der SV Zweckel II letzte Woche eine verdiente Niederlage (4:2) beim Tabellennachbarn Wacker Gladbeck einstecken musste, ist morgen auch der Coach wieder an seinem Platz.<br \/>\n&#8222;Wir sind noch eine sehr junge Mannschaft und das wird nicht unsere letzte Niederlage gewesen sein&#8220; hatte Karl noch das letzte Spiel im Blick.<br \/>\n&#8222;Es sind immer noch Fehler, die sich einschleichen&#8230; und dann kannst du solche Partien schon mal aus der Hand geben&#8220;. Die Zweckeler Reserve ist immer noch punktgleich mit dem Tabellenf\u00fchrer Schwarz-Wei\u00df B\u00fclse.<br \/>\nJetzt kommt der Tabellenachte zur Dorstener Stra\u00dfe.<br \/>\n&#8222;Auch das wird kein Selbstl\u00e4ufer &#8211; wir haben noch sehr viel zu arbeiten&#8220; so Englich weiter.<\/p>\n<p>Lassen wir uns \u00fcberraschen was unsere junge Truppe noch so leistet!<\/p>\n<p>Ansto\u00df ist am Sonntag, den 22.09. um 15 Uhr.<\/p>\n","protected":false},"excerpt":{"rendered":"<p>Spiel 1 nach der ersten Saisonniederlage Am Sonntag treffen die Mannen rund um Trainer Karl Englich auf den direkten Nachbarn Hansa Scholven. Wenn die Schovener zu Fu\u00df kommen w\u00fcrden dann w\u00e4ren sie knappe 10 Minuten unterwegs. Nachdem der SV Zweckel II letzte Woche eine verdiente Niederlage (4:2) beim Tabellennachbarn Wacker Gladbeck einstecken musste, ist morgen [&hellip;]<\/p>\n","protected":false},"author":3,"featured_media":12390,"comment_status":"open","ping_status":"open","sticky":false,"template":"","format":"standard","meta":{"_jetpack_memberships_contains_paid_content":false,"footnotes":"","jetpack_publicize_message":"","jetpack_publicize_feature_enabled":true,"jetpack_social_post_already_shared":false,"jetpack_social_options":{"image_generator_settings":{"template":"highway","default_image_id":0,"font":"","enabled":false},"version":2}},"categories":[20],"tags":[],"class_list":["post-12394","post","type-post","status-publish","format-standard","has-post-thumbnail","hentry","category-2-mannschaft"],"jetpack_publicize_connections":[],"jetpack_featured_media_url":"https:\/\/i0.wp.com\/www.svzweckel.de\/wp-content\/uploads\/2019\/09\/Wacker.jpg?fit=800%2C450&ssl=1","jetpack_sharing_enabled":true,"_links":{"self":[{"href":"https:\/\/www.svzweckel.de\/index.php?rest_route=\/wp\/v2\/posts\/12394","targetHints":{"allow":["GET"]}}],"collection":[{"href":"https:\/\/www.svzweckel.de\/index.php?rest_route=\/wp\/v2\/posts"}],"about":[{"href":"https:\/\/www.svzweckel.de\/index.php?rest_route=\/wp\/v2\/types\/post"}],"author":[{"embeddable":true,"href":"https:\/\/www.svzweckel.de\/index.php?rest_route=\/wp\/v2\/users\/3"}],"replies":[{"embeddable":true,"href":"https:\/\/www.svzweckel.de\/index.php?rest_route=%2Fwp%2Fv2%2Fcomments&post=12394"}],"version-history":[{"count":0,"href":"https:\/\/www.svzweckel.de\/index.php?rest_route=\/wp\/v2\/posts\/12394\/revisions"}],"wp:featuredmedia":[{"embeddable":true,"href":"https:\/\/www.svzweckel.de\/index.php?rest_route=\/wp\/v2\/media\/12390"}],"wp:attachment":[{"href":"https:\/\/www.svzweckel.de\/index.php?rest_route=%2Fwp%2Fv2%2Fmedia&parent=12394"}],"wp:term":[{"taxonomy":"category","embeddable":true,"href":"https:\/\/www.svzweckel.de\/index.php?rest_route=%2Fwp%2Fv2%2Fcategories&post=12394"},{"taxonomy":"post_tag","embeddable":true,"href":"https:\/\/www.svzweckel.de\/index.php?rest_route=%2Fwp%2Fv2%2Ftags&post=12394"}],"curies":[{"name":"wp","href":"https:\/\/api.w.org\/{rel}","templated":true}]}}