{"id":12452,"date":"2019-09-23T13:35:31","date_gmt":"2019-09-23T11:35:31","guid":{"rendered":"http:\/\/www.svzweckel.de\/?p=12452"},"modified":"2019-09-23T13:35:31","modified_gmt":"2019-09-23T11:35:31","slug":"erstes-unentschieden-der-reserve","status":"publish","type":"post","link":"https:\/\/www.svzweckel.de\/?p=12452","title":{"rendered":"Erstes Unentschieden der Reserve"},"content":{"rendered":"<p><strong>Zweckel II trennt sich von Hansa Scholven 1:1 (0:0)<\/strong><\/p>\n<p>Karl Englich &#8211; wieder entspannt aus dem Urlaub zur\u00fcck &#8211; war endlich wieder an seiner Linie!<br \/>\nDie Mannschaften neutralisierten sich in der ersten Halbzeit im Mittelfeld. Trotzdem machten die Jungs der Zweckler Reserve \u00fcber weite Strecken eine ordentliche Partie. Viele Ballverluste auf beiden Seiten im Aufbauspiel haben die erste Halbzeit gepr\u00e4gt.<br \/>\nNach einem Chancenverh\u00e4ltnis von 2:1 ging es auch schiedlich friedlich mit einem 0:0 in die Halbzeit.<\/p>\n<p>In der 2. Halbzeit gelangte man durch einen &#8222;Sonntagsschuss&#8220; aus ca. 25 Metern ungl\u00fccklich im R\u00fcckstand. 20 Minuten sp\u00e4ter konnte dann jedoch Marcel Strauch eine gut geschlagene Ecke von Benjamin Flohr mit dem Kopf einnetzen!<br \/>\nDanach ging man noch mal mit offenem Visier zu Werke &#8211; war aber Gl\u00fccklos im Abschluss.<br \/>\nDer Keeper der G\u00e4ste parierte noch 2 Sch\u00fcsse der Hausherren.<br \/>\nAlles in allem fehlte es etwas an Dominanz und Sicherheit im Aufbauspiel!<br \/>\nDie Abwehr bleibt somit zurecht die bisher sicherste Abwehr der Liga.<br \/>\nNach vorne raus m\u00fcssen die Zweckler in den kommenden Spielen etwas mehr tun um die n\u00e4chsten schweren Spiele erfolgreich zu gestallten.<\/p>\n<p>Weiter geht es f\u00fcr die Gr\u00fcnhemden am Sonntag, den 29.09.2019 um 15 Uhr. Da sind wir zu Gast an der Hegestra\u00dfe beim BV Rentfort III. Da unsere 1. am Freitag bereits das Derby gegen Rentfort ihr Heimspiel aus tr\u00e4gt Hoffen die Jungs vom Karl auf zahlreiche Unterst\u00fctzung unserer Fans.<\/p>\n","protected":false},"excerpt":{"rendered":"<p>Zweckel II trennt sich von Hansa Scholven 1:1 (0:0) Karl Englich &#8211; wieder entspannt aus dem Urlaub zur\u00fcck &#8211; war endlich wieder an seiner Linie! Die Mannschaften neutralisierten sich in der ersten Halbzeit im Mittelfeld. Trotzdem machten die Jungs der Zweckler Reserve \u00fcber weite Strecken eine ordentliche Partie. Viele Ballverluste auf beiden Seiten im Aufbauspiel [&hellip;]<\/p>\n","protected":false},"author":3,"featured_media":12451,"comment_status":"open","ping_status":"open","sticky":false,"template":"","format":"standard","meta":{"_jetpack_memberships_contains_paid_content":false,"footnotes":"","jetpack_publicize_message":"","jetpack_publicize_feature_enabled":true,"jetpack_social_post_already_shared":false,"jetpack_social_options":{"image_generator_settings":{"template":"highway","default_image_id":0,"font":"","enabled":false},"version":2}},"categories":[20],"tags":[],"class_list":["post-12452","post","type-post","status-publish","format-standard","has-post-thumbnail","hentry","category-2-mannschaft"],"jetpack_publicize_connections":[],"jetpack_featured_media_url":"https:\/\/i0.wp.com\/www.svzweckel.de\/wp-content\/uploads\/2019\/09\/20190922_154636.jpg?fit=800%2C450&ssl=1","jetpack_sharing_enabled":true,"_links":{"self":[{"href":"https:\/\/www.svzweckel.de\/index.php?rest_route=\/wp\/v2\/posts\/12452","targetHints":{"allow":["GET"]}}],"collection":[{"href":"https:\/\/www.svzweckel.de\/index.php?rest_route=\/wp\/v2\/posts"}],"about":[{"href":"https:\/\/www.svzweckel.de\/index.php?rest_route=\/wp\/v2\/types\/post"}],"author":[{"embeddable":true,"href":"https:\/\/www.svzweckel.de\/index.php?rest_route=\/wp\/v2\/users\/3"}],"replies":[{"embeddable":true,"href":"https:\/\/www.svzweckel.de\/index.php?rest_route=%2Fwp%2Fv2%2Fcomments&post=12452"}],"version-history":[{"count":0,"href":"https:\/\/www.svzweckel.de\/index.php?rest_route=\/wp\/v2\/posts\/12452\/revisions"}],"wp:featuredmedia":[{"embeddable":true,"href":"https:\/\/www.svzweckel.de\/index.php?rest_route=\/wp\/v2\/media\/12451"}],"wp:attachment":[{"href":"https:\/\/www.svzweckel.de\/index.php?rest_route=%2Fwp%2Fv2%2Fmedia&parent=12452"}],"wp:term":[{"taxonomy":"category","embeddable":true,"href":"https:\/\/www.svzweckel.de\/index.php?rest_route=%2Fwp%2Fv2%2Fcategories&post=12452"},{"taxonomy":"post_tag","embeddable":true,"href":"https:\/\/www.svzweckel.de\/index.php?rest_route=%2Fwp%2Fv2%2Ftags&post=12452"}],"curies":[{"name":"wp","href":"https:\/\/api.w.org\/{rel}","templated":true}]}}