{"id":12476,"date":"2019-09-29T19:21:27","date_gmt":"2019-09-29T17:21:27","guid":{"rendered":"http:\/\/www.svzweckel.de\/?p=12476"},"modified":"2019-09-29T19:21:27","modified_gmt":"2019-09-29T17:21:27","slug":"unentschieden-im-kleinen-derby","status":"publish","type":"post","link":"https:\/\/www.svzweckel.de\/?p=12476","title":{"rendered":"Unentschieden im &#8222;kleinen Derby&#8220;"},"content":{"rendered":"<p><strong>SV Zweckel II erspielt sich ein Unentschieden beim BV Rentfort III<\/strong><\/p>\n<p>Die M\u00e4nner von Karl Englich wollten im 2. Derby in dieser Woche nach legen und auch ihr Derby erfolgreich gestallten.<br \/>\n&#8222;In Halbzeit 1 haben meine Jungs Angst vor dem gro\u00dfen Namen gehabt und sehr verhalten gespielt. In Halbzeit 2 haben wir viel mutiger aggiert und uns ein Chancenplus erspielt!&#8220; so das Res\u00fcmee des Coaches nach dem Spiel.<br \/>\nIn der ersten H\u00e4lfte konnten die Zuschauer die Unsicherheit der Zweckler bis nach draussen sp\u00fcren. Folgerichtig brachte Bastian Drews die Hausherren auch in der 35. Minute in F\u00fchrung. Viele kleine Abspielfehler im Aufbauspiel er\u00f6ffneten immer wieder die Chancen auf beiden Seiten. Aber die Zweckler blieben in der ersten H\u00e4lfte ziemlich harmlos vor dem Kasten der Rentforter.<br \/>\nSo ging es mit dem R\u00fcckstand in die Kabine.<\/p>\n<p><strong>2. Halbzeit &#8211; &#8222;wie ausgewechselt&#8220;<\/strong><\/p>\n<p>Was Karl in der Halbzeitpause gemacht hat fragt man sich&#8230;<br \/>\nDie Zweckler betraten das gr\u00fcn und spielten einen ganz anderen Fu\u00dfball!<br \/>\nP\u00e4sse kamen an &#8211; Doppelp\u00e4sse gelangen und es wurde mutiger aggiert!<br \/>\n&#8222;Die Zweckler haben das Spiel an genommen&#8220; und so liefen die Zweckler den Gegner bereits am gegnerischen Strafraum an und machten die R\u00e4ume eng.<br \/>\nDie Rentforter dezimierten sich in der 60 Minute durch meckern selbst. Der Schiedsrichter zeigte dort den gelb roten Karton.<br \/>\nSp\u00e4testens ab dem Zeitpunkt wurde es ein Spiel auf einem Tor!<br \/>\nUnsere Jungs erspielten sich Chancen im Minutentakt.<br \/>\nSo war es nur eine Frage der Zeit bis zum Ausgleich. 5 Minuten nachdem der Rentforter Spieler zum duschen geschickt wurde schlug Ekrem Kapusuz zu. Ein sch\u00f6ner Schuss von halbrechts unten links in das Geh\u00e4use der G\u00e4ste zum 1:1 Ausgleich.<\/p>\n<p><strong>Ausw\u00e4rtssieg w\u00e4re drin gewesen. <\/strong><\/p>\n<p>Die Zweckler k\u00e4mpften in den letzten 25 Minuten weiter und hatten viel Pech im Abschluss! Die Latte und ein guter Keeper der Heimmannschaft verhinderten aber den Ausw\u00e4rtssieg! Somit m\u00fcssen sich die Zweckler mit einem Unentschieden zufrieden geben.<br \/>\n&#8222;Letztes Jahr verlieren wir hier noch 8:0&#8220; sagte Karl Englich nach dem Spiel. Und er hat Recht! Seine Jungs haben tollen Fu\u00dfball gezeigt und es der ersten fast nach getan! Sch\u00f6nes Spiel! Weiter so!<br \/>\nN\u00e4chsten Sonntag spielt die 2. wieder daheim. Gegner ist Spfr. Bulmke.<br \/>\nDer n\u00e4chste Gegner aus der oberen Tabellenh\u00e4lfte!<\/p>\n","protected":false},"excerpt":{"rendered":"<p>SV Zweckel II erspielt sich ein Unentschieden beim BV Rentfort III Die M\u00e4nner von Karl Englich wollten im 2. Derby in dieser Woche nach legen und auch ihr Derby erfolgreich gestallten. &#8222;In Halbzeit 1 haben meine Jungs Angst vor dem gro\u00dfen Namen gehabt und sehr verhalten gespielt. In Halbzeit 2 haben wir viel mutiger aggiert [&hellip;]<\/p>\n","protected":false},"author":3,"featured_media":12474,"comment_status":"open","ping_status":"open","sticky":false,"template":"","format":"standard","meta":{"_jetpack_memberships_contains_paid_content":false,"footnotes":"","jetpack_publicize_message":"","jetpack_publicize_feature_enabled":true,"jetpack_social_post_already_shared":false,"jetpack_social_options":{"image_generator_settings":{"template":"highway","default_image_id":0,"font":"","enabled":false},"version":2}},"categories":[20],"tags":[],"class_list":["post-12476","post","type-post","status-publish","format-standard","has-post-thumbnail","hentry","category-2-mannschaft"],"jetpack_publicize_connections":[],"jetpack_featured_media_url":"https:\/\/i0.wp.com\/www.svzweckel.de\/wp-content\/uploads\/2019\/09\/RENT.jpg?fit=800%2C450&ssl=1","jetpack_sharing_enabled":true,"_links":{"self":[{"href":"https:\/\/www.svzweckel.de\/index.php?rest_route=\/wp\/v2\/posts\/12476","targetHints":{"allow":["GET"]}}],"collection":[{"href":"https:\/\/www.svzweckel.de\/index.php?rest_route=\/wp\/v2\/posts"}],"about":[{"href":"https:\/\/www.svzweckel.de\/index.php?rest_route=\/wp\/v2\/types\/post"}],"author":[{"embeddable":true,"href":"https:\/\/www.svzweckel.de\/index.php?rest_route=\/wp\/v2\/users\/3"}],"replies":[{"embeddable":true,"href":"https:\/\/www.svzweckel.de\/index.php?rest_route=%2Fwp%2Fv2%2Fcomments&post=12476"}],"version-history":[{"count":0,"href":"https:\/\/www.svzweckel.de\/index.php?rest_route=\/wp\/v2\/posts\/12476\/revisions"}],"wp:featuredmedia":[{"embeddable":true,"href":"https:\/\/www.svzweckel.de\/index.php?rest_route=\/wp\/v2\/media\/12474"}],"wp:attachment":[{"href":"https:\/\/www.svzweckel.de\/index.php?rest_route=%2Fwp%2Fv2%2Fmedia&parent=12476"}],"wp:term":[{"taxonomy":"category","embeddable":true,"href":"https:\/\/www.svzweckel.de\/index.php?rest_route=%2Fwp%2Fv2%2Fcategories&post=12476"},{"taxonomy":"post_tag","embeddable":true,"href":"https:\/\/www.svzweckel.de\/index.php?rest_route=%2Fwp%2Fv2%2Ftags&post=12476"}],"curies":[{"name":"wp","href":"https:\/\/api.w.org\/{rel}","templated":true}]}}