{"id":12480,"date":"2019-09-29T20:24:11","date_gmt":"2019-09-29T18:24:11","guid":{"rendered":"http:\/\/www.svzweckel.de\/?p=12480"},"modified":"2019-09-30T06:02:30","modified_gmt":"2019-09-30T04:02:30","slug":"1-zweckler-dartverein-1-niederlage","status":"publish","type":"post","link":"https:\/\/www.svzweckel.de\/?p=12480","title":{"rendered":"1. Zweckler Dartverein &#8211; 1. Niederlage"},"content":{"rendered":"<p><strong>Es wurde das erwartet schwere Spiel!<\/strong><\/p>\n<p>Nach 12 Siegen in Folge musste sich der 1. Zweckler Dartverein am Freitag Abend nach fast einem halben Jahr zum 1. mal wieder geschlagen geben!<br \/>\nDer Gegner war aber auch kein geringener als der Dattelner Dart e.V. &#8211; immerhin Bundesligaabsteiger der letzten Saison!<br \/>\n&#8222;Hier ist ja mal was los! &#8211; So macht es richtig Bock zu spielen&#8220; so die einhellige Meinung der G\u00e4ste!<br \/>\nJa, das Vereinsheim war sehr gut gef\u00fcllt &#8211; es lief ja auch zeitgleich noch das Fu\u00dfballderby der 1. gegen Rentfort. Aber wer nach dem Fu\u00dfball noch da geblieben ist um die Darter zu gucken wurde keinesfalls entt\u00e4uscht.<br \/>\nZur Halbzeit lagen die Zweckler Dartwerfer mit 4:6 zur\u00fcck. Leider wurden danach beide Doppel verloren, was schon das 4:8 bedeutete. Steven nahm seine komplette Mannschaft mit und schwor sie draussen auf die weiteren Spiele ein. Leider hat das nicht ganz aus gereicht. Am Ende stand es 8:12 f\u00fcr die G\u00e4ste aus Datteln!<br \/>\nEs waren alle enge Spiele! Meistens landete der &#8222;letzte Pfeil&#8220; ein Loch neben dem geforderten Doppel! Die G\u00e4ste waren in solchen Situationen einfach abgebr\u00fchter und auch gl\u00fccklicher.<br \/>\nTrotzdem war das eine gute Mannschaftsleistung aller Spieler!<br \/>\nUnd die Mannschaft ist froh dass dieser D\u00e4mpfer schon sehr fr\u00fch in der Saison kam. Denn so wird man weiter versuchen sich zu verbessern!!<\/p>\n<p>In der Startformation standen am Freitag das Geburtstagskind Christian Kulik, Christian Breuing, David Krampe und Steven Marckowiak.<br \/>\nVon der Bank kam aber auch Ralf Schubert noch zum Einsatz!<br \/>\nR\u00fcdiger Groschke, Sebastian Schroer sowie Wolfgang Amling waren selbstverst\u00e4ndlich auch im Vereinsheim um ihre Mannen zu unterst\u00fctzen!<\/p>\n<p>Am Mittwoch wartet mit den &#8222;Ruhrpott Kumpels&#8220; die n\u00e4chste schwere Aufgabe auf unsere Darter!<br \/>\nAnwurf ist um 19:30 Uhr <\/p>\n<p>Die Adresse f\u00fcr interessierte &#8222;Mitfahrer&#8220;:<br \/>\nSport Bar Eving<br \/>\nEvinger Stra\u00dfe 307<br \/>\n44339 Dortmund<\/p>\n","protected":false},"excerpt":{"rendered":"<p>Es wurde das erwartet schwere Spiel! Nach 12 Siegen in Folge musste sich der 1. Zweckler Dartverein am Freitag Abend nach fast einem halben Jahr zum 1. mal wieder geschlagen geben! Der Gegner war aber auch kein geringener als der Dattelner Dart e.V. &#8211; immerhin Bundesligaabsteiger der letzten Saison! &#8222;Hier ist ja mal was los! [&hellip;]<\/p>\n","protected":false},"author":3,"featured_media":12479,"comment_status":"open","ping_status":"open","sticky":false,"template":"","format":"standard","meta":{"_jetpack_memberships_contains_paid_content":false,"footnotes":"","jetpack_publicize_message":"","jetpack_publicize_feature_enabled":true,"jetpack_social_post_already_shared":false,"jetpack_social_options":{"image_generator_settings":{"template":"highway","default_image_id":0,"font":"","enabled":false},"version":2}},"categories":[48],"tags":[],"class_list":["post-12480","post","type-post","status-publish","format-standard","has-post-thumbnail","hentry","category-darts-abteilung"],"jetpack_publicize_connections":[],"jetpack_featured_media_url":"https:\/\/i0.wp.com\/www.svzweckel.de\/wp-content\/uploads\/2019\/09\/IMG-20190929-WA0019.jpg?fit=800%2C600&ssl=1","jetpack_sharing_enabled":true,"_links":{"self":[{"href":"https:\/\/www.svzweckel.de\/index.php?rest_route=\/wp\/v2\/posts\/12480","targetHints":{"allow":["GET"]}}],"collection":[{"href":"https:\/\/www.svzweckel.de\/index.php?rest_route=\/wp\/v2\/posts"}],"about":[{"href":"https:\/\/www.svzweckel.de\/index.php?rest_route=\/wp\/v2\/types\/post"}],"author":[{"embeddable":true,"href":"https:\/\/www.svzweckel.de\/index.php?rest_route=\/wp\/v2\/users\/3"}],"replies":[{"embeddable":true,"href":"https:\/\/www.svzweckel.de\/index.php?rest_route=%2Fwp%2Fv2%2Fcomments&post=12480"}],"version-history":[{"count":0,"href":"https:\/\/www.svzweckel.de\/index.php?rest_route=\/wp\/v2\/posts\/12480\/revisions"}],"wp:featuredmedia":[{"embeddable":true,"href":"https:\/\/www.svzweckel.de\/index.php?rest_route=\/wp\/v2\/media\/12479"}],"wp:attachment":[{"href":"https:\/\/www.svzweckel.de\/index.php?rest_route=%2Fwp%2Fv2%2Fmedia&parent=12480"}],"wp:term":[{"taxonomy":"category","embeddable":true,"href":"https:\/\/www.svzweckel.de\/index.php?rest_route=%2Fwp%2Fv2%2Fcategories&post=12480"},{"taxonomy":"post_tag","embeddable":true,"href":"https:\/\/www.svzweckel.de\/index.php?rest_route=%2Fwp%2Fv2%2Ftags&post=12480"}],"curies":[{"name":"wp","href":"https:\/\/api.w.org\/{rel}","templated":true}]}}