{"id":12651,"date":"2019-10-21T08:34:26","date_gmt":"2019-10-21T06:34:26","guid":{"rendered":"http:\/\/www.svzweckel.de\/?p=12651"},"modified":"2019-10-21T10:42:07","modified_gmt":"2019-10-21T08:42:07","slug":"sv-zweckel-ii-sieg-im-spitzenspiel","status":"publish","type":"post","link":"https:\/\/www.svzweckel.de\/?p=12651","title":{"rendered":"SV Zweckel II &#8211; Sieg im Spitzenspiel"},"content":{"rendered":"<p><strong>Zweckel II zeigt von Beginn an wer Herr im Haus ist<\/strong><\/p>\n<p>Unsere Zweitvertretung empfing gestern den Tabellenf\u00fchrer zum Spitzenspiel an die Dorstener Stra\u00dfe.<br \/>\nGut eingstellte Zweckler konnte man gestern gegen Schwarz-wei\u00df Buer-B\u00fclse bestaunen.<br \/>\nSchon fr\u00fch in der ersten Halbzeit zeigte die Mannschaft vom Coach Karl Englich dass sie das Spiel erfolgreich gestallten wollten und die Serie von 2 Siegreichen Spielen gerne aus bauen w\u00fcrden.<br \/>\nTimurcan Tiska tat sich in der ersten Halbzeit diesmal besonders hervor. Er beackerte die rechte Angriffsseite der Zweckler immer wieder toll und setzte sich gegen die k\u00f6rperlich Robusteren Spieler des SW-B\u00fclse immer wieder hervorragend durch. Schon in den Anfangsminuten verfehlte der Ball mehrmals knapp das Geh\u00e4use der G\u00e4ste.<br \/>\nEin Eckball mit anschlie\u00dfenden sehr guten und wuchtigen Kopfball von Dennis Wimmers lie\u00df die Heimmannschaft schon nach 10 Minuten zum ersten Mal jubeln!<br \/>\nWer dachte dass die Zweckler sich danach auf ihrem Tor aus ruhen w\u00fcrden sah sich get\u00e4uscht. Es gab weiterhin f\u00fcr die Gr\u00fcnhemden nur eine Richtung und die war nach vorne!<br \/>\nIn der 40. Minute wurde Dennis Wimmers im gegnerischen Strafraum von der Seite gelegt, so dass der Schiedsrichter es bei einer gelben Karte f\u00fcr den Gast belassen konnte.<br \/>\nDen f\u00e4lligen Strafsto\u00df verwandelte Timur Akalin sicher rechts unten ins Geh\u00e4use der G\u00e4ste (41.).<\/p>\n<div style=\"width: 640px;\" class=\"wp-video\"><video class=\"wp-video-shortcode\" id=\"video-12651-1\" width=\"640\" height=\"360\" preload=\"metadata\" controls=\"controls\"><source type=\"video\/mp4\" src=\"https:\/\/www.svzweckel.de\/wp-content\/uploads\/2019\/10\/20191020_153733-convert-video-online.com-1.mp4?_=1\" \/><a href=\"https:\/\/www.svzweckel.de\/wp-content\/uploads\/2019\/10\/20191020_153733-convert-video-online.com-1.mp4\">https:\/\/www.svzweckel.de\/wp-content\/uploads\/2019\/10\/20191020_153733-convert-video-online.com-1.mp4<\/a><\/video><\/div>\n<p>&nbsp;<\/p>\n<p>Kurz darauf erhielten auch die G\u00e4ste einen Elfmeter. Der Torj\u00e4ger der B\u00fclser Miguel Quijada Garrido scheiterte mit seinem Schuss im unterem linken Eck aber am gl\u00e4nzend parierendem Christopher Wimmers und so ging es mit einem 2:0 im R\u00fccken in die Halbzeitpause.<\/p>\n<p><strong>Halbzeit 2 &#8211; leider kam Farbe ins Spiel&#8230;<\/strong><\/p>\n<p>Der Trainer des Gastes nahm zur Halbzeit einen Doppelwechsel vor. Dennis Grunz und Denis Ozerow kamen f\u00fcr Ibrahim Saado und Cheikh Moussa Saado auf dem Platz. Am weiteren Spielverlauf \u00e4nderte sich jedoch nicht viel.<br \/>\nDie Abwehrreihe um Kapit\u00e4n Marcel Strauch herum stand wie gewohnt sehr gut und nach vorne konnten weiterhin Nadelstiche gesetzt werden.<br \/>\nIn der 70. Minute wurde Marcel (Capi) Capek sehr grob von seinem Gegenspieler umgesenst und Marcel trat nach. Der Schiedsrichter zeigte ihm daraufhin den roten Karton und somit mussten die Zweckler die letzten 20 Minuten mit 10 Mann weiter spielen.<br \/>\nNichts desto trotz schraubte Raffael Santos-Reischauer das Ergebnis in der 78. Minute zum 3:0 f\u00fcr unsere Jungs in die H\u00f6he.<br \/>\nIn der 88. Minute schoss die Nummer 6 der G\u00e4ste (Ali Fakhro) die G\u00e4ste noch mal auf 1:3 heran.<br \/>\nMehr konnten die B\u00fclser aber nicht f\u00fcr sich verbuchen!<\/p>\n<p>Als der Schiedsrichter die Partie dann abgepfiffen hatte stand wiederum die Nummer 6 der G\u00e4ste im Blickpunkt. Er ging nach dem Pfiff zielstrebig auf Tim Schmidt (26) zu und versetzte ihm einen Kopfsto\u00df. Unser Kapit\u00e4n Marcel Strauch wollte Tim zur Hilfe eilen und erhielt auf dem Weg dorthin ebenfalls einen Schlag in den R\u00fccken. Marcel schubste die Gegnerische 6 &#8211; der Schiedsrichter zeigte Ali Fakhro und Marcel Strauch auf dem Weg zur Kabine noch die roten Karten!<br \/>\nGewallt hat trotz Emotionen nichts auf dem Fu\u00dfballplatz zu suchen!<\/p>\n<p>Die Zweckler Reserve gewinnt hoch verdient mit 3:1 und ist mit 26 Z\u00e4hlern und einem Punkt R\u00fcckstand auf SW B\u00fclse jetzt auf dem 2. Platz der Tabelle. Die Abwehr der Zweckler bleibt auch weiterhin die beste der Liga (11 Gegentore in 11 Spielen)<\/p>\n<p>Am n\u00e4chsten Sonntag ist der SV Zweckel II bei einem alten Bekannten zu Gast. Sie treffen bei SuS Schwarz-Blau Gladbeck auf den ehemaligen Trainer der ersten Zweckler Mannschaft Mike Theis, der mit seiner Mannschaft zur Zeit den 5. Platz der Tabelle belegt.<\/p>\n<p>Ansto\u00df ist am 27.10.2019 um 15:15 an der Ro\u00dfheidestra\u00dfe. Es wird auf Kunstrasen gespielt.<\/p>\n","protected":false},"excerpt":{"rendered":"<p>Zweckel II zeigt von Beginn an wer Herr im Haus ist Unsere Zweitvertretung empfing gestern den Tabellenf\u00fchrer zum Spitzenspiel an die Dorstener Stra\u00dfe. Gut eingstellte Zweckler konnte man gestern gegen Schwarz-wei\u00df Buer-B\u00fclse bestaunen. Schon fr\u00fch in der ersten Halbzeit zeigte die Mannschaft vom Coach Karl Englich dass sie das Spiel erfolgreich gestallten wollten und die [&hellip;]<\/p>\n","protected":false},"author":3,"featured_media":12655,"comment_status":"open","ping_status":"open","sticky":false,"template":"","format":"standard","meta":{"_jetpack_memberships_contains_paid_content":false,"footnotes":"","jetpack_publicize_message":"","jetpack_publicize_feature_enabled":true,"jetpack_social_post_already_shared":false,"jetpack_social_options":{"image_generator_settings":{"template":"highway","default_image_id":0,"font":"","enabled":false},"version":2}},"categories":[20],"tags":[],"class_list":["post-12651","post","type-post","status-publish","format-standard","has-post-thumbnail","hentry","category-2-mannschaft"],"jetpack_publicize_connections":[],"jetpack_featured_media_url":"https:\/\/i0.wp.com\/www.svzweckel.de\/wp-content\/uploads\/2019\/10\/20191020_164730.jpg?fit=800%2C450&ssl=1","jetpack_sharing_enabled":true,"_links":{"self":[{"href":"https:\/\/www.svzweckel.de\/index.php?rest_route=\/wp\/v2\/posts\/12651","targetHints":{"allow":["GET"]}}],"collection":[{"href":"https:\/\/www.svzweckel.de\/index.php?rest_route=\/wp\/v2\/posts"}],"about":[{"href":"https:\/\/www.svzweckel.de\/index.php?rest_route=\/wp\/v2\/types\/post"}],"author":[{"embeddable":true,"href":"https:\/\/www.svzweckel.de\/index.php?rest_route=\/wp\/v2\/users\/3"}],"replies":[{"embeddable":true,"href":"https:\/\/www.svzweckel.de\/index.php?rest_route=%2Fwp%2Fv2%2Fcomments&post=12651"}],"version-history":[{"count":0,"href":"https:\/\/www.svzweckel.de\/index.php?rest_route=\/wp\/v2\/posts\/12651\/revisions"}],"wp:featuredmedia":[{"embeddable":true,"href":"https:\/\/www.svzweckel.de\/index.php?rest_route=\/wp\/v2\/media\/12655"}],"wp:attachment":[{"href":"https:\/\/www.svzweckel.de\/index.php?rest_route=%2Fwp%2Fv2%2Fmedia&parent=12651"}],"wp:term":[{"taxonomy":"category","embeddable":true,"href":"https:\/\/www.svzweckel.de\/index.php?rest_route=%2Fwp%2Fv2%2Fcategories&post=12651"},{"taxonomy":"post_tag","embeddable":true,"href":"https:\/\/www.svzweckel.de\/index.php?rest_route=%2Fwp%2Fv2%2Ftags&post=12651"}],"curies":[{"name":"wp","href":"https:\/\/api.w.org\/{rel}","templated":true}]}}