{"id":12664,"date":"2019-10-24T21:21:30","date_gmt":"2019-10-24T19:21:30","guid":{"rendered":"http:\/\/www.svzweckel.de\/?p=12664"},"modified":"2019-10-24T21:22:08","modified_gmt":"2019-10-24T19:22:08","slug":"auswaerts-bei-der-zweckeler-filiale","status":"publish","type":"post","link":"https:\/\/www.svzweckel.de\/?p=12664","title":{"rendered":"Ausw\u00e4rts bei der &#8222;Zweckeler Filiale&#8220;"},"content":{"rendered":"<p>Sonntag, 27.10.2019, 15:15 Uhr: SB Gladbeck \u2013 SV Zweckel II<\/p>\n<p>Nach dem Sieg gegen den Tabellenf\u00fchrer SW B\u00fclse sind die Schwarz-Gr\u00fcnen bis auf einen Punkt an diesen heranger\u00fcckt und belegen nach wie vor den zweiten Tabellenplatz.<\/p>\n<p>Am Sonntag wird es auf dem neuen Kunstrasenplatz an der Ro\u00dfheidestra\u00dfe einen hei\u00dfen Tanz geben, denn es treffen \u201ealte\u201c Bekannte aufeinander. Trainer Mike Theis hat bekanntlich bis zur letzten Winterpause noch die erste Mannschaft des SV Zweckel trainiert und heuerte dann beim B-Ligisten im Gladbecker S\u00fcden an. Nachdem die Aufstiegsrunde nicht erfolgreich abgeschlossen werden konnte, wollen die Schwarz-Blauen in dieser Saison oben mitspielen. Im Aufgebot der Schwarz-Blauen werden wohl einige Spieler stehen, die lange das Zweckeler Trikot getragen haben und gegen ihren alten Verein siegreich sein wollen. Bisher spielte die Mannschaft zwar nicht konstant genug, um ganz oben dabei zu sein, das k\u00f6nnte sich am Sonntag gegen den SVZ aber \u00e4ndern. Mit einem Sieg k\u00f6nnte SB dicht an den Tabellenzweiten heranr\u00fccken.<\/p>\n<p>Auf der anderen Seite wollen die Zweckeler ihren guten Lauf fortsetzen und nicht ohne Punkte nach Zweckel zur\u00fcckkehren. Das wird allerdings ein schweres Unterfangen, denn Trainer Karl Englich stehen einige Stammspieler aus Verletzungsgr\u00fcnden bzw. wegen Sperren nicht zur Verf\u00fcgung.<\/p>\n","protected":false},"excerpt":{"rendered":"<p>Sonntag, 27.10.2019, 15:15 Uhr: SB Gladbeck \u2013 SV Zweckel II Nach dem Sieg gegen den Tabellenf\u00fchrer SW B\u00fclse sind die Schwarz-Gr\u00fcnen bis auf einen Punkt an diesen heranger\u00fcckt und belegen nach wie vor den zweiten Tabellenplatz. Am Sonntag wird es auf dem neuen Kunstrasenplatz an der Ro\u00dfheidestra\u00dfe einen hei\u00dfen Tanz geben, denn es treffen \u201ealte\u201c [&hellip;]<\/p>\n","protected":false},"author":3,"featured_media":0,"comment_status":"open","ping_status":"open","sticky":false,"template":"","format":"standard","meta":{"_jetpack_memberships_contains_paid_content":false,"footnotes":"","jetpack_publicize_message":"","jetpack_publicize_feature_enabled":true,"jetpack_social_post_already_shared":false,"jetpack_social_options":{"image_generator_settings":{"template":"highway","default_image_id":0,"font":"","enabled":false},"version":2}},"categories":[20],"tags":[],"class_list":["post-12664","post","type-post","status-publish","format-standard","hentry","category-2-mannschaft"],"jetpack_publicize_connections":[],"jetpack_featured_media_url":"","jetpack_sharing_enabled":true,"_links":{"self":[{"href":"https:\/\/www.svzweckel.de\/index.php?rest_route=\/wp\/v2\/posts\/12664","targetHints":{"allow":["GET"]}}],"collection":[{"href":"https:\/\/www.svzweckel.de\/index.php?rest_route=\/wp\/v2\/posts"}],"about":[{"href":"https:\/\/www.svzweckel.de\/index.php?rest_route=\/wp\/v2\/types\/post"}],"author":[{"embeddable":true,"href":"https:\/\/www.svzweckel.de\/index.php?rest_route=\/wp\/v2\/users\/3"}],"replies":[{"embeddable":true,"href":"https:\/\/www.svzweckel.de\/index.php?rest_route=%2Fwp%2Fv2%2Fcomments&post=12664"}],"version-history":[{"count":0,"href":"https:\/\/www.svzweckel.de\/index.php?rest_route=\/wp\/v2\/posts\/12664\/revisions"}],"wp:attachment":[{"href":"https:\/\/www.svzweckel.de\/index.php?rest_route=%2Fwp%2Fv2%2Fmedia&parent=12664"}],"wp:term":[{"taxonomy":"category","embeddable":true,"href":"https:\/\/www.svzweckel.de\/index.php?rest_route=%2Fwp%2Fv2%2Fcategories&post=12664"},{"taxonomy":"post_tag","embeddable":true,"href":"https:\/\/www.svzweckel.de\/index.php?rest_route=%2Fwp%2Fv2%2Ftags&post=12664"}],"curies":[{"name":"wp","href":"https:\/\/api.w.org\/{rel}","templated":true}]}}