{"id":12740,"date":"2019-11-07T06:28:35","date_gmt":"2019-11-07T05:28:35","guid":{"rendered":"http:\/\/www.svzweckel.de\/?p=12740"},"modified":"2019-11-07T06:28:35","modified_gmt":"2019-11-07T05:28:35","slug":"der-bvb-zu-gast-beim-sv-zweckel","status":"publish","type":"post","link":"https:\/\/www.svzweckel.de\/?p=12740","title":{"rendered":"Der BVB zu Gast beim SV Zweckel"},"content":{"rendered":"<p>Der Trainer unserer F1, Daniel Schwandt, freute sich sehr \u00fcber die Anfrage des BVB, schlie\u00dflich bekommt man nicht oft die M\u00f6glichkeit, gegen die Jugend eines Bundesligavereins zu spielen.<\/p>\n<p>Ansto\u00df ist am Sonntag, um 11:00 auf dem Rasenplatz an der Dorstener Stra\u00dfe.<\/p>\n<p>\u00dcber Untest\u00fctzung w\u00fcrden sich unsere Kicker sehr freuen, denn auch sie sind sehr gespannt darauf, wie die J\u00fcngsten des BVB den Ball rollen lassen.<\/p>\n","protected":false},"excerpt":{"rendered":"<p>Der Trainer unserer F1, Daniel Schwandt, freute sich sehr \u00fcber die Anfrage des BVB, schlie\u00dflich bekommt man nicht oft die M\u00f6glichkeit, gegen die Jugend eines Bundesligavereins zu spielen. Ansto\u00df ist am Sonntag, um 11:00 auf dem Rasenplatz an der Dorstener Stra\u00dfe. \u00dcber Untest\u00fctzung w\u00fcrden sich unsere Kicker sehr freuen, denn auch sie sind sehr gespannt [&hellip;]<\/p>\n","protected":false},"author":3,"featured_media":12741,"comment_status":"open","ping_status":"open","sticky":false,"template":"","format":"standard","meta":{"_jetpack_memberships_contains_paid_content":false,"footnotes":"","jetpack_publicize_message":"","jetpack_publicize_feature_enabled":true,"jetpack_social_post_already_shared":false,"jetpack_social_options":{"image_generator_settings":{"template":"highway","default_image_id":0,"font":"","enabled":false},"version":2}},"categories":[3],"tags":[],"class_list":["post-12740","post","type-post","status-publish","format-standard","has-post-thumbnail","hentry","category-allgemein"],"jetpack_publicize_connections":[],"jetpack_featured_media_url":"https:\/\/i0.wp.com\/www.svzweckel.de\/wp-content\/uploads\/2019\/11\/photocollage_2019116164527640.png?fit=800%2C800&ssl=1","jetpack_sharing_enabled":true,"_links":{"self":[{"href":"https:\/\/www.svzweckel.de\/index.php?rest_route=\/wp\/v2\/posts\/12740","targetHints":{"allow":["GET"]}}],"collection":[{"href":"https:\/\/www.svzweckel.de\/index.php?rest_route=\/wp\/v2\/posts"}],"about":[{"href":"https:\/\/www.svzweckel.de\/index.php?rest_route=\/wp\/v2\/types\/post"}],"author":[{"embeddable":true,"href":"https:\/\/www.svzweckel.de\/index.php?rest_route=\/wp\/v2\/users\/3"}],"replies":[{"embeddable":true,"href":"https:\/\/www.svzweckel.de\/index.php?rest_route=%2Fwp%2Fv2%2Fcomments&post=12740"}],"version-history":[{"count":0,"href":"https:\/\/www.svzweckel.de\/index.php?rest_route=\/wp\/v2\/posts\/12740\/revisions"}],"wp:featuredmedia":[{"embeddable":true,"href":"https:\/\/www.svzweckel.de\/index.php?rest_route=\/wp\/v2\/media\/12741"}],"wp:attachment":[{"href":"https:\/\/www.svzweckel.de\/index.php?rest_route=%2Fwp%2Fv2%2Fmedia&parent=12740"}],"wp:term":[{"taxonomy":"category","embeddable":true,"href":"https:\/\/www.svzweckel.de\/index.php?rest_route=%2Fwp%2Fv2%2Fcategories&post=12740"},{"taxonomy":"post_tag","embeddable":true,"href":"https:\/\/www.svzweckel.de\/index.php?rest_route=%2Fwp%2Fv2%2Ftags&post=12740"}],"curies":[{"name":"wp","href":"https:\/\/api.w.org\/{rel}","templated":true}]}}