{"id":12763,"date":"2019-11-11T15:26:44","date_gmt":"2019-11-11T14:26:44","guid":{"rendered":"http:\/\/www.svzweckel.de\/?p=12763"},"modified":"2019-11-11T15:26:44","modified_gmt":"2019-11-11T14:26:44","slug":"pokalspiel-wurde-abgesagt","status":"publish","type":"post","link":"https:\/\/www.svzweckel.de\/?p=12763","title":{"rendered":"Pokalspiel wurde abgesagt!"},"content":{"rendered":"<p>Der SV Zweckel hat das f\u00fcr Dienstag angesetzte Pokalspiel bei Westfalia Gelsenkrichen absagen m\u00fcssen.\u00a0Die derzeitige personelle Situation l\u00e4sst es vor dem letzten wichtigen Hinrundenspiel in Horst nicht zu, dass die 1. Mannschaft in der Woche noch ein laufendes Spiel austragen muss.<\/p>\n<p>Nachdem f\u00fcr den sonnt\u00e4glichen Einsatz f\u00fcnf Spieler getapt werden mussten, sind nach dem gestrigen Sieg gegen Castrop-Rauxel noch weitere Spieler angeschlagen, die erst einmal einige Tage auskurieren m\u00fcssen.<\/p>\n<p>Nach R\u00fccksprache mit dem Staffelleiter Gerd Eschenr\u00f6der k\u00f6nnte das Spiel auch im Februar stattfinden. Das ist allerdings abh\u00e4nging von der Zustimmung des Gegners Westfalia Gelsenkirchen. Eine Entscheidung dazu steht noch aus.<\/p>\n","protected":false},"excerpt":{"rendered":"<p>Der SV Zweckel hat das f\u00fcr Dienstag angesetzte Pokalspiel bei Westfalia Gelsenkrichen absagen m\u00fcssen.\u00a0Die derzeitige personelle Situation l\u00e4sst es vor dem letzten wichtigen Hinrundenspiel in Horst nicht zu, dass die 1. Mannschaft in der Woche noch ein laufendes Spiel austragen muss. Nachdem f\u00fcr den sonnt\u00e4glichen Einsatz f\u00fcnf Spieler getapt werden mussten, sind nach dem gestrigen [&hellip;]<\/p>\n","protected":false},"author":3,"featured_media":12757,"comment_status":"open","ping_status":"open","sticky":false,"template":"","format":"standard","meta":{"_jetpack_memberships_contains_paid_content":false,"footnotes":"","jetpack_publicize_message":"","jetpack_publicize_feature_enabled":true,"jetpack_social_post_already_shared":false,"jetpack_social_options":{"image_generator_settings":{"template":"highway","default_image_id":0,"font":"","enabled":false},"version":2}},"categories":[2],"tags":[],"class_list":["post-12763","post","type-post","status-publish","format-standard","has-post-thumbnail","hentry","category-1-mannschaft"],"jetpack_publicize_connections":[],"jetpack_featured_media_url":"https:\/\/i0.wp.com\/www.svzweckel.de\/wp-content\/uploads\/2019\/11\/DSC_0059.jpg?fit=5504%2C3096&ssl=1","jetpack_sharing_enabled":true,"_links":{"self":[{"href":"https:\/\/www.svzweckel.de\/index.php?rest_route=\/wp\/v2\/posts\/12763","targetHints":{"allow":["GET"]}}],"collection":[{"href":"https:\/\/www.svzweckel.de\/index.php?rest_route=\/wp\/v2\/posts"}],"about":[{"href":"https:\/\/www.svzweckel.de\/index.php?rest_route=\/wp\/v2\/types\/post"}],"author":[{"embeddable":true,"href":"https:\/\/www.svzweckel.de\/index.php?rest_route=\/wp\/v2\/users\/3"}],"replies":[{"embeddable":true,"href":"https:\/\/www.svzweckel.de\/index.php?rest_route=%2Fwp%2Fv2%2Fcomments&post=12763"}],"version-history":[{"count":0,"href":"https:\/\/www.svzweckel.de\/index.php?rest_route=\/wp\/v2\/posts\/12763\/revisions"}],"wp:featuredmedia":[{"embeddable":true,"href":"https:\/\/www.svzweckel.de\/index.php?rest_route=\/wp\/v2\/media\/12757"}],"wp:attachment":[{"href":"https:\/\/www.svzweckel.de\/index.php?rest_route=%2Fwp%2Fv2%2Fmedia&parent=12763"}],"wp:term":[{"taxonomy":"category","embeddable":true,"href":"https:\/\/www.svzweckel.de\/index.php?rest_route=%2Fwp%2Fv2%2Fcategories&post=12763"},{"taxonomy":"post_tag","embeddable":true,"href":"https:\/\/www.svzweckel.de\/index.php?rest_route=%2Fwp%2Fv2%2Ftags&post=12763"}],"curies":[{"name":"wp","href":"https:\/\/api.w.org\/{rel}","templated":true}]}}