{"id":12768,"date":"2019-11-15T15:51:22","date_gmt":"2019-11-15T14:51:22","guid":{"rendered":"http:\/\/www.svzweckel.de\/?p=12768"},"modified":"2019-11-15T15:51:22","modified_gmt":"2019-11-15T14:51:22","slug":"die-rumpftruppe-muss-in-horst-ran","status":"publish","type":"post","link":"https:\/\/www.svzweckel.de\/?p=12768","title":{"rendered":"Die &#8222;Rumpftruppe&#8220; muss in Horst ran!"},"content":{"rendered":"<p>Sonntag, 17.11.19, 13:00 Uhr: SV Horst-Emscher 08 II &#8211; SV Zweckel<\/p>\n<p>Im letzten Hinrundenspiel der Bezirksliga kommt es am Sonntag f\u00fcr den SV Zweckel zur Wiederauflage des letzten Spieltages der letzten Saison. Bis in die Nachspielzeit musste der SV Zweckel damals zittern \u2013 dann gab es durch ein Tor von Mirac \u00d6nt\u00fcrk die Erl\u00f6sung und der SV Zweckel blieb in der Bezirksliga.<\/p>\n<p>Am kommenden Sonntag sind die Vorzeichen umgekehrt. Der SV Zweckel hat mit 20 Punkten eine bisher gute Saison gespielt und trifft auf den abgeschlagenen Tabellenletzten Horst, der bisher keinen Punkt ergattern konnte.<\/p>\n<p>Das soll auch bei Spielende so bleiben, denn in diesem Spiel m\u00fcssen die Zweckeler wieder alles geben, um ihre kleine Siegesserie ausbauen zu k\u00f6nnen. Da der Kunstrasenplatz der Horster neu gestaltet wird, findet die Partie auf dem Ascheplatz Am Schollbruch 58 in Gelsenkirchen-Horst statt. Kaum erw\u00e4hnenswert ist die Tatsache, dass die Schwarz-Gr\u00fcnen wieder einmal personell aus dem letzten Loch pfeifen. Das hat sie aber in den vergangenen Spielen auch nicht davon abgehalten zu punkten und sollte auch am fr\u00fchen Sonntagmittag ab 13:00 Uhr das Ziel sein.<\/p>\n","protected":false},"excerpt":{"rendered":"<p>Sonntag, 17.11.19, 13:00 Uhr: SV Horst-Emscher 08 II &#8211; SV Zweckel Im letzten Hinrundenspiel der Bezirksliga kommt es am Sonntag f\u00fcr den SV Zweckel zur Wiederauflage des letzten Spieltages der letzten Saison. Bis in die Nachspielzeit musste der SV Zweckel damals zittern \u2013 dann gab es durch ein Tor von Mirac \u00d6nt\u00fcrk die Erl\u00f6sung und [&hellip;]<\/p>\n","protected":false},"author":3,"featured_media":12757,"comment_status":"open","ping_status":"open","sticky":false,"template":"","format":"standard","meta":{"_jetpack_memberships_contains_paid_content":false,"footnotes":"","jetpack_publicize_message":"","jetpack_publicize_feature_enabled":true,"jetpack_social_post_already_shared":false,"jetpack_social_options":{"image_generator_settings":{"template":"highway","default_image_id":0,"font":"","enabled":false},"version":2}},"categories":[2],"tags":[],"class_list":["post-12768","post","type-post","status-publish","format-standard","has-post-thumbnail","hentry","category-1-mannschaft"],"jetpack_publicize_connections":[],"jetpack_featured_media_url":"https:\/\/i0.wp.com\/www.svzweckel.de\/wp-content\/uploads\/2019\/11\/DSC_0059.jpg?fit=5504%2C3096&ssl=1","jetpack_sharing_enabled":true,"_links":{"self":[{"href":"https:\/\/www.svzweckel.de\/index.php?rest_route=\/wp\/v2\/posts\/12768","targetHints":{"allow":["GET"]}}],"collection":[{"href":"https:\/\/www.svzweckel.de\/index.php?rest_route=\/wp\/v2\/posts"}],"about":[{"href":"https:\/\/www.svzweckel.de\/index.php?rest_route=\/wp\/v2\/types\/post"}],"author":[{"embeddable":true,"href":"https:\/\/www.svzweckel.de\/index.php?rest_route=\/wp\/v2\/users\/3"}],"replies":[{"embeddable":true,"href":"https:\/\/www.svzweckel.de\/index.php?rest_route=%2Fwp%2Fv2%2Fcomments&post=12768"}],"version-history":[{"count":0,"href":"https:\/\/www.svzweckel.de\/index.php?rest_route=\/wp\/v2\/posts\/12768\/revisions"}],"wp:featuredmedia":[{"embeddable":true,"href":"https:\/\/www.svzweckel.de\/index.php?rest_route=\/wp\/v2\/media\/12757"}],"wp:attachment":[{"href":"https:\/\/www.svzweckel.de\/index.php?rest_route=%2Fwp%2Fv2%2Fmedia&parent=12768"}],"wp:term":[{"taxonomy":"category","embeddable":true,"href":"https:\/\/www.svzweckel.de\/index.php?rest_route=%2Fwp%2Fv2%2Fcategories&post=12768"},{"taxonomy":"post_tag","embeddable":true,"href":"https:\/\/www.svzweckel.de\/index.php?rest_route=%2Fwp%2Fv2%2Ftags&post=12768"}],"curies":[{"name":"wp","href":"https:\/\/api.w.org\/{rel}","templated":true}]}}