{"id":12775,"date":"2019-11-19T22:16:26","date_gmt":"2019-11-19T21:16:26","guid":{"rendered":"http:\/\/www.svzweckel.de\/?p=12775"},"modified":"2019-11-19T22:16:26","modified_gmt":"2019-11-19T21:16:26","slug":"1-zweckler-dartverein-klarer-sieg-gegen-ruhrpott-kumpels","status":"publish","type":"post","link":"https:\/\/www.svzweckel.de\/?p=12775","title":{"rendered":"1. Zweckler Dartverein &#8211; klarer Sieg gegen Ruhrpott Kumpels"},"content":{"rendered":"<p><strong>Grandiose 1. Halbzeit<\/strong><\/p>\n<p>Der 1. Zweckler Dartverein empfing am Freitag Abend die Ruhrpott Kumpels aus Dortmund &#8211; Eving.<br \/>\nDas Hinspiel hatten unsere Darter noch im Teamgame gewonnen und mussten einen schmerzlichen Punkt ab geben. Im R\u00fcckspiel im heimischen Vereinsheim wollten unsere Jungs von daher von Anfang an nichts an brennen lassen und gaben bereits in der ersten Halbzeit Vollgas.<br \/>\nDie beiden Er\u00f6ffnungsdoppel wurden direkt gewonnen und der 2:0 Vorsprung wurde auch direkt aus gebaut!<br \/>\nSo hie\u00df es zur Halbzeit schon 9:1 f\u00fcr die Zweckler!<\/p>\n<p><strong>Nach der kurzen Pause ging es genauso weiter<\/strong><\/p>\n<p>Christian Kulik wurde zur Halbzeit aus gewechselt und Sebastian Schroer kam in die Partie.<br \/>\nUnd auch der &#8222;Ersatz&#8220; machte seine Sache gut so dass das Spiel nach den beiden Doppel bereits entschieden war. Er gewann das Doppel mit Christian Breuing ebenso souver\u00e4n wie das Doppel Steven Mackowiak und David Kramp. Damit stand es schon 11:1 und der sprichw\u00f6rtliche Drops war gelutscht!<br \/>\nDavid machte danach noch seinen Platz frei und R\u00fcdiger Groschke kam auch noch zu seiner Spielzeit.<\/p>\n<p>Am Ende hie\u00df es 16:4 f\u00fcr den Zweckler Dartverein.<\/p>\n<p>Da sich der Dattelner Dart e.V. leider auch keine Bl\u00f6\u00dfe gibt und weiter Spiel um Spiel gewinnt werden die Zweckler wohl noch etwas weiter von der Bundesliga tr\u00e4umen m\u00fcssen.\u00a0 Im Hinspiel gegen Datteln hatte es die einzige Niederlage gegeben. Da die Zweckler ein Spiel im Teamgame gewonnen haben und nicht die volle Punktzahl f\u00fcr den Sieg bekommen haben k\u00f6nnen sie das Ergebnis im R\u00fcckspiel zwar egalisieren, aber wenn sich die Dattelner weiterhin so stark zeigen kommen unsere Darter an ihnen noch nicht vorbei!<\/p>\n<p><span style=\"font-size: 14pt;\">Egal wie es kommt &#8211; Zweckel kann stolz auf euch sein!<\/span><br \/>\n<img data-recalc-dims=\"1\" loading=\"lazy\" decoding=\"async\" class=\"alignnone  wp-image-12788\" src=\"https:\/\/i0.wp.com\/www.svzweckel.de\/wp-content\/uploads\/2019\/11\/Tabelle-19.11.-300x109.png?resize=640%2C233&#038;ssl=1\" alt=\"\" width=\"640\" height=\"233\" \/><\/p>\n<p>Das n\u00e4chte Spiel der Zweckler Darter ist bereits am Freitag, 22.11.2019 um 20 Uhr beim NBK Night Birds in Dortmund. <\/p>\n","protected":false},"excerpt":{"rendered":"<p>Grandiose 1. Halbzeit Der 1. Zweckler Dartverein empfing am Freitag Abend die Ruhrpott Kumpels aus Dortmund &#8211; Eving. Das Hinspiel hatten unsere Darter noch im Teamgame gewonnen und mussten einen schmerzlichen Punkt ab geben. Im R\u00fcckspiel im heimischen Vereinsheim wollten unsere Jungs von daher von Anfang an nichts an brennen lassen und gaben bereits in [&hellip;]<\/p>\n","protected":false},"author":3,"featured_media":12771,"comment_status":"open","ping_status":"open","sticky":false,"template":"","format":"standard","meta":{"_jetpack_memberships_contains_paid_content":false,"footnotes":"","jetpack_publicize_message":"","jetpack_publicize_feature_enabled":true,"jetpack_social_post_already_shared":false,"jetpack_social_options":{"image_generator_settings":{"template":"highway","default_image_id":0,"font":"","enabled":false},"version":2}},"categories":[48],"tags":[],"class_list":["post-12775","post","type-post","status-publish","format-standard","has-post-thumbnail","hentry","category-darts-abteilung"],"jetpack_publicize_connections":[],"jetpack_featured_media_url":"https:\/\/i0.wp.com\/www.svzweckel.de\/wp-content\/uploads\/2019\/11\/20191115_2144150.jpg?fit=800%2C450&ssl=1","jetpack_sharing_enabled":true,"_links":{"self":[{"href":"https:\/\/www.svzweckel.de\/index.php?rest_route=\/wp\/v2\/posts\/12775","targetHints":{"allow":["GET"]}}],"collection":[{"href":"https:\/\/www.svzweckel.de\/index.php?rest_route=\/wp\/v2\/posts"}],"about":[{"href":"https:\/\/www.svzweckel.de\/index.php?rest_route=\/wp\/v2\/types\/post"}],"author":[{"embeddable":true,"href":"https:\/\/www.svzweckel.de\/index.php?rest_route=\/wp\/v2\/users\/3"}],"replies":[{"embeddable":true,"href":"https:\/\/www.svzweckel.de\/index.php?rest_route=%2Fwp%2Fv2%2Fcomments&post=12775"}],"version-history":[{"count":0,"href":"https:\/\/www.svzweckel.de\/index.php?rest_route=\/wp\/v2\/posts\/12775\/revisions"}],"wp:featuredmedia":[{"embeddable":true,"href":"https:\/\/www.svzweckel.de\/index.php?rest_route=\/wp\/v2\/media\/12771"}],"wp:attachment":[{"href":"https:\/\/www.svzweckel.de\/index.php?rest_route=%2Fwp%2Fv2%2Fmedia&parent=12775"}],"wp:term":[{"taxonomy":"category","embeddable":true,"href":"https:\/\/www.svzweckel.de\/index.php?rest_route=%2Fwp%2Fv2%2Fcategories&post=12775"},{"taxonomy":"post_tag","embeddable":true,"href":"https:\/\/www.svzweckel.de\/index.php?rest_route=%2Fwp%2Fv2%2Ftags&post=12775"}],"curies":[{"name":"wp","href":"https:\/\/api.w.org\/{rel}","templated":true}]}}