{"id":1278,"date":"2014-10-17T21:04:38","date_gmt":"2014-10-17T21:04:38","guid":{"rendered":"http:\/\/www.svzweckel.de\/?p=1278"},"modified":"2014-10-17T21:04:38","modified_gmt":"2014-10-17T21:04:38","slug":"die-zweite-zu-gast-beim-tabellenletzten","status":"publish","type":"post","link":"https:\/\/www.svzweckel.de\/?p=1278","title":{"rendered":"Die Zweite zu Gast beim Tabellenletzten"},"content":{"rendered":"<p><strong>Sonntag, 19.10.14, 15:00 Uhr: Spvgg Middelich-Resse &#8211; SV Zweckel II<\/strong><\/p>\n<p>Am Sonntag will die Mannschaft von S\u00f6ren Sch\u00fcrer und Boris Crevatin den n\u00e4chsten Sieg einfahren. Das wird allerdings alles andere als einfach, denn jeder erwartet einen klaren Sieg gegen den Tabellenletzten.<br \/>\nWenn die Mannschaft es wieder einmal schafft, 90 Minuten konzentriert zu spielen, sollte der n\u00e4chste Dreier machbar sein. Nach dem 1:1 im letzten Spiel gegen Erle hat die Reserve gezeigt, dass mit Einsatz und Kampf auch noch etwas in Unterzahl zu holen ist.<\/p>\n","protected":false},"excerpt":{"rendered":"<p>Sonntag, 19.10.14, 15:00 Uhr: Spvgg Middelich-Resse &#8211; SV Zweckel II Am Sonntag will die Mannschaft von S\u00f6ren Sch\u00fcrer und Boris Crevatin den n\u00e4chsten Sieg einfahren. Das wird allerdings alles andere als einfach, denn jeder erwartet einen klaren Sieg gegen den Tabellenletzten. Wenn die Mannschaft es wieder einmal schafft, 90 Minuten konzentriert zu spielen, sollte der [&hellip;]<\/p>\n","protected":false},"author":3,"featured_media":1157,"comment_status":"open","ping_status":"open","sticky":false,"template":"","format":"standard","meta":{"_jetpack_memberships_contains_paid_content":false,"footnotes":"","jetpack_publicize_message":"","jetpack_publicize_feature_enabled":true,"jetpack_social_post_already_shared":false,"jetpack_social_options":{"image_generator_settings":{"template":"highway","default_image_id":0,"font":"","enabled":false},"version":2}},"categories":[20],"tags":[],"class_list":["post-1278","post","type-post","status-publish","format-standard","has-post-thumbnail","hentry","category-2-mannschaft"],"jetpack_publicize_connections":[],"jetpack_featured_media_url":"https:\/\/i0.wp.com\/www.svzweckel.de\/wp-content\/uploads\/2014\/07\/SV_Zweckel_2_HM-1024x568.jpg?fit=800%2C444&ssl=1","jetpack_sharing_enabled":true,"_links":{"self":[{"href":"https:\/\/www.svzweckel.de\/index.php?rest_route=\/wp\/v2\/posts\/1278","targetHints":{"allow":["GET"]}}],"collection":[{"href":"https:\/\/www.svzweckel.de\/index.php?rest_route=\/wp\/v2\/posts"}],"about":[{"href":"https:\/\/www.svzweckel.de\/index.php?rest_route=\/wp\/v2\/types\/post"}],"author":[{"embeddable":true,"href":"https:\/\/www.svzweckel.de\/index.php?rest_route=\/wp\/v2\/users\/3"}],"replies":[{"embeddable":true,"href":"https:\/\/www.svzweckel.de\/index.php?rest_route=%2Fwp%2Fv2%2Fcomments&post=1278"}],"version-history":[{"count":0,"href":"https:\/\/www.svzweckel.de\/index.php?rest_route=\/wp\/v2\/posts\/1278\/revisions"}],"wp:featuredmedia":[{"embeddable":true,"href":"https:\/\/www.svzweckel.de\/index.php?rest_route=\/wp\/v2\/media\/1157"}],"wp:attachment":[{"href":"https:\/\/www.svzweckel.de\/index.php?rest_route=%2Fwp%2Fv2%2Fmedia&parent=1278"}],"wp:term":[{"taxonomy":"category","embeddable":true,"href":"https:\/\/www.svzweckel.de\/index.php?rest_route=%2Fwp%2Fv2%2Fcategories&post=1278"},{"taxonomy":"post_tag","embeddable":true,"href":"https:\/\/www.svzweckel.de\/index.php?rest_route=%2Fwp%2Fv2%2Ftags&post=1278"}],"curies":[{"name":"wp","href":"https:\/\/api.w.org\/{rel}","templated":true}]}}