{"id":12780,"date":"2019-11-17T17:18:11","date_gmt":"2019-11-17T16:18:11","guid":{"rendered":"http:\/\/www.svzweckel.de\/?p=12780"},"modified":"2019-11-17T20:47:25","modified_gmt":"2019-11-17T19:47:25","slug":"vierter-sieg-in-folge","status":"publish","type":"post","link":"https:\/\/www.svzweckel.de\/?p=12780","title":{"rendered":"Vierter Sieg in Folge!"},"content":{"rendered":"<p>Das letzte Mal, als der SV Zweckel in Horst antreten musste, konnten die Schwarz-Gr\u00fcnen in der allerletzten Sekunde mit einem Herzschlagfinale den Klassenerhalt sichern. Auch dieses Mal wollten die Zweckeler mit drei Siegen im R\u00fccken gegen das Tabellenschlusslicht Horst II, die bisher noch keinen einzigen Punkt eingefahren haben, drei Punkte ergattern.\u00a0Trotz personeller Probleme, wie auch schon in den letzten Wochen, ging die Mannschaft um Trainer Guido Naumann als klarer Favorit in die Partie.<\/p>\n<p>Schon fr\u00fch zeigten sich die Zweckeler gewillt, die Siegesserie auszubauen.Nach zehn Minuten schlugen die Schwarz-Gr\u00fcnen in Person von Alexander Tschalumjan schon zu, nur f\u00fcnf Minuten sp\u00e4ter erh\u00f6hte Pascalis Terzis auf 2:0. Damit hatten die Zweckeler aber l\u00e4ngst noch nicht genug, denn vor der Pause sollte das Spiel entschieden werden. Durch einen weiteren Treffer von Pascalis Terzis, der damit seinen Doppelpack schn\u00fcrte, stand es vor dem Pausenpfiff 3:0. Nach dem Seitenwechsel blieben die G\u00e4ste am Dr\u00fccker und erzielten kurz nach Wiederanpfiff durch Fabian Brom das 4:0. Auch Serdar Sat durfte sich mit seinem Treffer zum 5:0 in die Torsch\u00fctzenliste eintragen. Die Horster gaben sich jedoch nicht auf und erzielten zwanzig Minuten vor Schluss das 1:5, dabei blieb es jedoch bis zum Abpfiff der Partie.<\/p>\n<p>Somit ist die Siegesserie weiter ausgebaut worden: Mit 23 Punkten auf der Habenseite verbucht die Mannschaft um Trainer Guido Naumann eine au\u00dferordentlich gute Hinserie. Das erste R\u00fcckrundenspiel findet noch vor der Winterpause statt: Am 8.12 bestreitet der SV Zweckel sein letztes Spiel vor der Winterpause: Das Team muss sich ausw\u00e4rts in Waltrop unter Beweis stellen und setzt erneut auf eine tatkr\u00e4ftige Unterst\u00fctzung.<\/p>\n<p>&nbsp;<\/p>\n","protected":false},"excerpt":{"rendered":"<p>Das letzte Mal, als der SV Zweckel in Horst antreten musste, konnten die Schwarz-Gr\u00fcnen in der allerletzten Sekunde mit einem Herzschlagfinale den Klassenerhalt sichern. Auch dieses Mal wollten die Zweckeler mit drei Siegen im R\u00fccken gegen das Tabellenschlusslicht Horst II, die bisher noch keinen einzigen Punkt eingefahren haben, drei Punkte ergattern.\u00a0Trotz personeller Probleme, wie auch [&hellip;]<\/p>\n","protected":false},"author":23,"featured_media":12714,"comment_status":"open","ping_status":"open","sticky":false,"template":"","format":"standard","meta":{"_jetpack_memberships_contains_paid_content":false,"footnotes":"","jetpack_publicize_message":"","jetpack_publicize_feature_enabled":true,"jetpack_social_post_already_shared":false,"jetpack_social_options":{"image_generator_settings":{"template":"highway","default_image_id":0,"font":"","enabled":false},"version":2}},"categories":[2],"tags":[],"class_list":["post-12780","post","type-post","status-publish","format-standard","has-post-thumbnail","hentry","category-1-mannschaft"],"jetpack_publicize_connections":[],"jetpack_featured_media_url":"https:\/\/i0.wp.com\/www.svzweckel.de\/wp-content\/uploads\/2019\/11\/DSC_0037.jpg?fit=5504%2C3096&ssl=1","jetpack_sharing_enabled":true,"_links":{"self":[{"href":"https:\/\/www.svzweckel.de\/index.php?rest_route=\/wp\/v2\/posts\/12780","targetHints":{"allow":["GET"]}}],"collection":[{"href":"https:\/\/www.svzweckel.de\/index.php?rest_route=\/wp\/v2\/posts"}],"about":[{"href":"https:\/\/www.svzweckel.de\/index.php?rest_route=\/wp\/v2\/types\/post"}],"author":[{"embeddable":true,"href":"https:\/\/www.svzweckel.de\/index.php?rest_route=\/wp\/v2\/users\/23"}],"replies":[{"embeddable":true,"href":"https:\/\/www.svzweckel.de\/index.php?rest_route=%2Fwp%2Fv2%2Fcomments&post=12780"}],"version-history":[{"count":0,"href":"https:\/\/www.svzweckel.de\/index.php?rest_route=\/wp\/v2\/posts\/12780\/revisions"}],"wp:featuredmedia":[{"embeddable":true,"href":"https:\/\/www.svzweckel.de\/index.php?rest_route=\/wp\/v2\/media\/12714"}],"wp:attachment":[{"href":"https:\/\/www.svzweckel.de\/index.php?rest_route=%2Fwp%2Fv2%2Fmedia&parent=12780"}],"wp:term":[{"taxonomy":"category","embeddable":true,"href":"https:\/\/www.svzweckel.de\/index.php?rest_route=%2Fwp%2Fv2%2Fcategories&post=12780"},{"taxonomy":"post_tag","embeddable":true,"href":"https:\/\/www.svzweckel.de\/index.php?rest_route=%2Fwp%2Fv2%2Ftags&post=12780"}],"curies":[{"name":"wp","href":"https:\/\/api.w.org\/{rel}","templated":true}]}}