{"id":12802,"date":"2019-12-06T11:34:38","date_gmt":"2019-12-06T10:34:38","guid":{"rendered":"http:\/\/www.svzweckel.de\/?p=12802"},"modified":"2019-12-06T11:34:38","modified_gmt":"2019-12-06T10:34:38","slug":"rueckrundenauftakt-fuer-die-reserve","status":"publish","type":"post","link":"https:\/\/www.svzweckel.de\/?p=12802","title":{"rendered":"R\u00fcckrundenauftakt f\u00fcr die Reserve"},"content":{"rendered":"<p>Sonntag, 08.12.19, 14:30 Uhr: SV Zweckel II &#8211; SV Erle 19 II<\/p>\n<p>Das Hinspiel in Erle gewannen die Zweckeler\u00a0 nach hartem Kampf mit 2:4. Seit dem Zeitpunkt hat sich die Mannschaft, mit einigen wenigen Ausnahmen, deutlich stabilisiert und k\u00e4mpft in der Spitzengruppe der Kreisliga B um einen Aufstiegsplatz mit. Auf dem Platz an der Sonne befindet sich momentan noch die Mannschaft von SW B\u00fclse, die sieben Punkte mehr auf dem Konto haben als der SV Zweckel, der allerdings noch eine Partie nachholen muss.<\/p>\n<p>Das letzte Spiel bestritten die Schwarz-Gr\u00fcnen am 17.11. und gewannen gegen gegen Horst 08 III. Am letzten Sonntag fiel das Ausw\u00e4rtsspiel in Resse leider aus, so dass die Mannschaft von Karl Englich seit drei Wochen ohne Spielpraxis ist. Auf der anderen Seite k\u00f6nnten der eine oder andere Akteur wieder zum Kader sto\u00dfen, welcher in den letzten Wochen nicht gerade \u00fcppig best\u00fcckt war.<\/p>\n<p>Wenn die Reserve weiter im Spitzenbereich der Liga mitspielen m\u00f6chte, ist ein Sieg gegen Erle obligatorisch. Der Gast lie\u00df insbesondere vor vier Wochen mit einem Sieg beim Tabellenvierten SB Gladbeck aufhorchen. Die Mannschaft sollte gewarnt sein, die Erler nicht auf die leichte Schulter zu nehmen, auch wenn der Gast &#8222;nur&#8220; auf dem 13. Tabellenplatz liegt. Mit 36 Toren hat das Team immerhin nur zwei Treffer weniger erzielt als die Zweckeler.<\/p>\n","protected":false},"excerpt":{"rendered":"<p>Sonntag, 08.12.19, 14:30 Uhr: SV Zweckel II &#8211; SV Erle 19 II Das Hinspiel in Erle gewannen die Zweckeler\u00a0 nach hartem Kampf mit 2:4. Seit dem Zeitpunkt hat sich die Mannschaft, mit einigen wenigen Ausnahmen, deutlich stabilisiert und k\u00e4mpft in der Spitzengruppe der Kreisliga B um einen Aufstiegsplatz mit. Auf dem Platz an der Sonne [&hellip;]<\/p>\n","protected":false},"author":3,"featured_media":12451,"comment_status":"open","ping_status":"open","sticky":false,"template":"","format":"standard","meta":{"_jetpack_memberships_contains_paid_content":false,"footnotes":"","jetpack_publicize_message":"","jetpack_publicize_feature_enabled":true,"jetpack_social_post_already_shared":false,"jetpack_social_options":{"image_generator_settings":{"template":"highway","default_image_id":0,"font":"","enabled":false},"version":2}},"categories":[2,20],"tags":[],"class_list":["post-12802","post","type-post","status-publish","format-standard","has-post-thumbnail","hentry","category-1-mannschaft","category-2-mannschaft"],"jetpack_publicize_connections":[],"jetpack_featured_media_url":"https:\/\/i0.wp.com\/www.svzweckel.de\/wp-content\/uploads\/2019\/09\/20190922_154636.jpg?fit=800%2C450&ssl=1","jetpack_sharing_enabled":true,"_links":{"self":[{"href":"https:\/\/www.svzweckel.de\/index.php?rest_route=\/wp\/v2\/posts\/12802","targetHints":{"allow":["GET"]}}],"collection":[{"href":"https:\/\/www.svzweckel.de\/index.php?rest_route=\/wp\/v2\/posts"}],"about":[{"href":"https:\/\/www.svzweckel.de\/index.php?rest_route=\/wp\/v2\/types\/post"}],"author":[{"embeddable":true,"href":"https:\/\/www.svzweckel.de\/index.php?rest_route=\/wp\/v2\/users\/3"}],"replies":[{"embeddable":true,"href":"https:\/\/www.svzweckel.de\/index.php?rest_route=%2Fwp%2Fv2%2Fcomments&post=12802"}],"version-history":[{"count":0,"href":"https:\/\/www.svzweckel.de\/index.php?rest_route=\/wp\/v2\/posts\/12802\/revisions"}],"wp:featuredmedia":[{"embeddable":true,"href":"https:\/\/www.svzweckel.de\/index.php?rest_route=\/wp\/v2\/media\/12451"}],"wp:attachment":[{"href":"https:\/\/www.svzweckel.de\/index.php?rest_route=%2Fwp%2Fv2%2Fmedia&parent=12802"}],"wp:term":[{"taxonomy":"category","embeddable":true,"href":"https:\/\/www.svzweckel.de\/index.php?rest_route=%2Fwp%2Fv2%2Fcategories&post=12802"},{"taxonomy":"post_tag","embeddable":true,"href":"https:\/\/www.svzweckel.de\/index.php?rest_route=%2Fwp%2Fv2%2Ftags&post=12802"}],"curies":[{"name":"wp","href":"https:\/\/api.w.org\/{rel}","templated":true}]}}