{"id":12811,"date":"2019-12-08T18:25:55","date_gmt":"2019-12-08T17:25:55","guid":{"rendered":"http:\/\/www.svzweckel.de\/?p=12811"},"modified":"2019-12-08T18:25:55","modified_gmt":"2019-12-08T17:25:55","slug":"nikolausfeier-im-vereinsheim-des-sv-zweckel","status":"publish","type":"post","link":"https:\/\/www.svzweckel.de\/?p=12811","title":{"rendered":"Nikolausfeier im Vereinsheim des SV Zweckel"},"content":{"rendered":"<p>Am 06.12.2019 war es wieder so weit.<br \/>\nDer Nikolaus war zu Besuch und schaute traditionell auch an der Dorstener Stra\u00dfe vorbei.<\/p>\n<p><a href=\"https:\/\/i0.wp.com\/www.svzweckel.de\/wp-content\/uploads\/2019\/12\/WhatsApp-Image-2019-12-08-at-18.20.05-e1575825937496.jpeg?ssl=1\"><img data-recalc-dims=\"1\" loading=\"lazy\" decoding=\"async\" class=\"aligncenter size-full wp-image-12813\" src=\"https:\/\/i0.wp.com\/www.svzweckel.de\/wp-content\/uploads\/2019\/12\/WhatsApp-Image-2019-12-08-at-18.20.05-e1575825937496.jpeg?resize=390%2C352&#038;ssl=1\" alt=\"\" width=\"390\" height=\"352\" srcset=\"https:\/\/i0.wp.com\/www.svzweckel.de\/wp-content\/uploads\/2019\/12\/WhatsApp-Image-2019-12-08-at-18.20.05-e1575825937496.jpeg?w=390&amp;ssl=1 390w, https:\/\/i0.wp.com\/www.svzweckel.de\/wp-content\/uploads\/2019\/12\/WhatsApp-Image-2019-12-08-at-18.20.05-e1575825937496.jpeg?resize=300%2C271&amp;ssl=1 300w, https:\/\/i0.wp.com\/www.svzweckel.de\/wp-content\/uploads\/2019\/12\/WhatsApp-Image-2019-12-08-at-18.20.05-e1575825937496.jpeg?resize=150%2C135&amp;ssl=1 150w, https:\/\/i0.wp.com\/www.svzweckel.de\/wp-content\/uploads\/2019\/12\/WhatsApp-Image-2019-12-08-at-18.20.05-e1575825937496.jpeg?resize=100%2C90&amp;ssl=1 100w, https:\/\/i0.wp.com\/www.svzweckel.de\/wp-content\/uploads\/2019\/12\/WhatsApp-Image-2019-12-08-at-18.20.05-e1575825937496.jpeg?resize=50%2C45&amp;ssl=1 50w, https:\/\/i0.wp.com\/www.svzweckel.de\/wp-content\/uploads\/2019\/12\/WhatsApp-Image-2019-12-08-at-18.20.05-e1575825937496.jpeg?resize=25%2C23&amp;ssl=1 25w, https:\/\/i0.wp.com\/www.svzweckel.de\/wp-content\/uploads\/2019\/12\/WhatsApp-Image-2019-12-08-at-18.20.05-e1575825937496.jpeg?resize=355%2C320&amp;ssl=1 355w, https:\/\/i0.wp.com\/www.svzweckel.de\/wp-content\/uploads\/2019\/12\/WhatsApp-Image-2019-12-08-at-18.20.05-e1575825937496.jpeg?resize=133%2C120&amp;ssl=1 133w\" sizes=\"auto, (max-width: 390px) 100vw, 390px\" \/><\/a><\/p>\n<p>Dort wurde er von vielen jungen Zwecklern aufgeregt erwartet. Die j\u00fcngsten Mitglieder des SV Zweckel empfingen den Nikolaus mit weihnachtlichem Gesang. Dementsprechend hatte dieser auch eine Kleinigkeit f\u00fcr jeden dabei.<\/p>\n<p>Am Ende verlie\u00dfen die Kinder das Vereinsheim des SV Zweckel mit strahlenden Augen. Somit war es ein rund um gelungener Abend f\u00fcr alle Beteiligten.<\/p>\n<p>Der SV Zweckel freut sich, den Nikolaus auch im n\u00e4chsten Jahr wieder begr\u00fc\u00dfen zu d\u00fcrfen.<\/p>\n<p>Wir w\u00fcnschen allen eine besinnliche Weihnachtszeit !<br \/>\n(Die Jugendabteilung)<\/p>\n","protected":false},"excerpt":{"rendered":"<p>Am 06.12.2019 war es wieder so weit. Der Nikolaus war zu Besuch und schaute traditionell auch an der Dorstener Stra\u00dfe vorbei. Dort wurde er von vielen jungen Zwecklern aufgeregt erwartet. Die j\u00fcngsten Mitglieder des SV Zweckel empfingen den Nikolaus mit weihnachtlichem Gesang. Dementsprechend hatte dieser auch eine Kleinigkeit f\u00fcr jeden dabei. Am Ende verlie\u00dfen die [&hellip;]<\/p>\n","protected":false},"author":3,"featured_media":12812,"comment_status":"open","ping_status":"open","sticky":false,"template":"","format":"standard","meta":{"_jetpack_memberships_contains_paid_content":false,"footnotes":"","jetpack_publicize_message":"","jetpack_publicize_feature_enabled":true,"jetpack_social_post_already_shared":false,"jetpack_social_options":{"image_generator_settings":{"template":"highway","default_image_id":0,"font":"","enabled":false},"version":2}},"categories":[2],"tags":[],"class_list":["post-12811","post","type-post","status-publish","format-standard","has-post-thumbnail","hentry","category-1-mannschaft"],"jetpack_publicize_connections":[],"jetpack_featured_media_url":"https:\/\/i0.wp.com\/www.svzweckel.de\/wp-content\/uploads\/2019\/12\/WhatsApp-Image-2019-12-08-at-18.19.52-e1575825846530.jpeg?fit=600%2C414&ssl=1","jetpack_sharing_enabled":true,"_links":{"self":[{"href":"https:\/\/www.svzweckel.de\/index.php?rest_route=\/wp\/v2\/posts\/12811","targetHints":{"allow":["GET"]}}],"collection":[{"href":"https:\/\/www.svzweckel.de\/index.php?rest_route=\/wp\/v2\/posts"}],"about":[{"href":"https:\/\/www.svzweckel.de\/index.php?rest_route=\/wp\/v2\/types\/post"}],"author":[{"embeddable":true,"href":"https:\/\/www.svzweckel.de\/index.php?rest_route=\/wp\/v2\/users\/3"}],"replies":[{"embeddable":true,"href":"https:\/\/www.svzweckel.de\/index.php?rest_route=%2Fwp%2Fv2%2Fcomments&post=12811"}],"version-history":[{"count":0,"href":"https:\/\/www.svzweckel.de\/index.php?rest_route=\/wp\/v2\/posts\/12811\/revisions"}],"wp:featuredmedia":[{"embeddable":true,"href":"https:\/\/www.svzweckel.de\/index.php?rest_route=\/wp\/v2\/media\/12812"}],"wp:attachment":[{"href":"https:\/\/www.svzweckel.de\/index.php?rest_route=%2Fwp%2Fv2%2Fmedia&parent=12811"}],"wp:term":[{"taxonomy":"category","embeddable":true,"href":"https:\/\/www.svzweckel.de\/index.php?rest_route=%2Fwp%2Fv2%2Fcategories&post=12811"},{"taxonomy":"post_tag","embeddable":true,"href":"https:\/\/www.svzweckel.de\/index.php?rest_route=%2Fwp%2Fv2%2Ftags&post=12811"}],"curies":[{"name":"wp","href":"https:\/\/api.w.org\/{rel}","templated":true}]}}