{"id":1283,"date":"2014-10-19T20:03:16","date_gmt":"2014-10-19T20:03:16","guid":{"rendered":"http:\/\/www.svzweckel.de\/?p=1283"},"modified":"2014-10-19T20:17:28","modified_gmt":"2014-10-19T20:17:28","slug":"verdiente-niederlage-in-sprockhoevel","status":"publish","type":"post","link":"https:\/\/www.svzweckel.de\/?p=1283","title":{"rendered":"Verdiente Niederlage in Sprockh\u00f6vel"},"content":{"rendered":"<p>Das war eine bittere Pille, die der SV Zweckel schlucken musste. Gegen einen Mitkonkurrenten um eine Platz im unteren Tabellenbereich unterlag der SV Zweckel v\u00f6llig verdient mit 1:0 bei der TSG Sprockh\u00f6vel.<br \/>\nIn der ersten Halbzeit sahen die \u00fcber 300 Zuschauer noch ein ausgeglichenes Spiel, in welchem der Gast den gr\u00f6\u00dferen Ballbesitz hatte. Doch aus dieser optischen \u00dcberlegenheit konnten die in orange spielenden Zweckeler kein Kapital schlagen. Zu selten schaffte es die Offensive das gegnerische Tor in Gefahr zu bringen. Eine alte Binsenweisheit kam in Sporckh\u00f6vel zum tragen: Wer nicht aufs Tor schie\u00dft, kann auch keines machen. Der SVZ wollte auch knapp vor dem 16er noch mit Kurzpassspiel zum Erfolg kommen. Auch in aussichtsreicher Position wurde kaum geschossen, so dass Torchancen Mangelware waren und der gegnerische Keeper einen ruhigen Tag verlebte. Bis zur Halbzeit lie\u00df die Defensive des SVZ nur wenig zu und Keeper Dennis Gr\u00fcger musste nur einmal in h\u00f6chster Not vor den schenllen Angreifern der TSG retten.<br \/>\nMit dem 0:0 ging es in die Halbzeitpaus und Trainer G\u00fcnter Appelt lie\u00df Mavin H\u00f6ner in der Kabine und brachte Marcel Titz, der nachlanger Verletzungspause erstmals wieder auf dem Platz stand. Nur 13 Minuten sp\u00e4ter brachte der \u00dcbungsleiter Deniz Yesil f\u00fcr Norman Seidel und keine drei Minuten sp\u00e4ter musste Mike Bednarek f\u00fcr den verletzten Dennis Yilmaz ran. Damit war das Auswechselkontingent ausgesch\u00f6pft und der flei\u00dfige A-Junior Lukas Tomanek musste auch bis zum Ende durchhalten. Nach einem \u00fcberfl\u00fcssigen Foul an der Au\u00dfenlinie brachten die die Gastgeber den Freisto\u00df scharf vor das Zweckeler Tor und der gegnerische St\u00fcrmer hatte keine Probleme den Ball aus 3 Meteren per Kopf \u00fcber die Linie zu dr\u00fccken. Der Gastgeber hatte nach der Pause knapp 20 Minuten Druck aufgebaut und die verdiente F\u00fchrung erzielt. In diesem Zeitraum fand der SVZ \u00fcberhaupt nicht statt. Sowohl erste als auch zweite B\u00e4lle wurden ausschlie\u00dflich durch die Gastgeber erorbert. Sprockh\u00f6vel wollte dieses Tor und hat im Gegensatz zum SV Zweckel alles daf\u00fcr getan, dieses auch zu erzielen. Nach dem F\u00fchrungstreffer versuchten es die Zweckeler vergebens die gegnerische Abwehr unter Druck zu setzen. Durch schnelle Konter waren die Gastgeber eher am F\u00fchrungsausbau als der Gast an der Egalisierung. Lange B\u00e4lle in das Sturmzentrum brachten kaum noch Gefahr, so dass die Zweckeler eine weitere Niederlage einstecken mussten. Es stehen dem SVZ schwere Zeiten bevor.<\/p>\n","protected":false},"excerpt":{"rendered":"<p>Das war eine bittere Pille, die der SV Zweckel schlucken musste. Gegen einen Mitkonkurrenten um eine Platz im unteren Tabellenbereich unterlag der SV Zweckel v\u00f6llig verdient mit 1:0 bei der TSG Sprockh\u00f6vel. In der ersten Halbzeit sahen die \u00fcber 300 Zuschauer noch ein ausgeglichenes Spiel, in welchem der Gast den gr\u00f6\u00dferen Ballbesitz hatte. Doch aus [&hellip;]<\/p>\n","protected":false},"author":3,"featured_media":1285,"comment_status":"open","ping_status":"open","sticky":false,"template":"","format":"standard","meta":{"_jetpack_memberships_contains_paid_content":false,"footnotes":"","jetpack_publicize_message":"","jetpack_publicize_feature_enabled":true,"jetpack_social_post_already_shared":false,"jetpack_social_options":{"image_generator_settings":{"template":"highway","default_image_id":0,"font":"","enabled":false},"version":2}},"categories":[1],"tags":[],"class_list":["post-1283","post","type-post","status-publish","format-standard","has-post-thumbnail","hentry","category-uncategorized"],"jetpack_publicize_connections":[],"jetpack_featured_media_url":"https:\/\/i0.wp.com\/www.svzweckel.de\/wp-content\/uploads\/2014\/10\/TSG.jpg?fit=800%2C534&ssl=1","jetpack_sharing_enabled":true,"_links":{"self":[{"href":"https:\/\/www.svzweckel.de\/index.php?rest_route=\/wp\/v2\/posts\/1283","targetHints":{"allow":["GET"]}}],"collection":[{"href":"https:\/\/www.svzweckel.de\/index.php?rest_route=\/wp\/v2\/posts"}],"about":[{"href":"https:\/\/www.svzweckel.de\/index.php?rest_route=\/wp\/v2\/types\/post"}],"author":[{"embeddable":true,"href":"https:\/\/www.svzweckel.de\/index.php?rest_route=\/wp\/v2\/users\/3"}],"replies":[{"embeddable":true,"href":"https:\/\/www.svzweckel.de\/index.php?rest_route=%2Fwp%2Fv2%2Fcomments&post=1283"}],"version-history":[{"count":0,"href":"https:\/\/www.svzweckel.de\/index.php?rest_route=\/wp\/v2\/posts\/1283\/revisions"}],"wp:featuredmedia":[{"embeddable":true,"href":"https:\/\/www.svzweckel.de\/index.php?rest_route=\/wp\/v2\/media\/1285"}],"wp:attachment":[{"href":"https:\/\/www.svzweckel.de\/index.php?rest_route=%2Fwp%2Fv2%2Fmedia&parent=1283"}],"wp:term":[{"taxonomy":"category","embeddable":true,"href":"https:\/\/www.svzweckel.de\/index.php?rest_route=%2Fwp%2Fv2%2Fcategories&post=1283"},{"taxonomy":"post_tag","embeddable":true,"href":"https:\/\/www.svzweckel.de\/index.php?rest_route=%2Fwp%2Fv2%2Ftags&post=1283"}],"curies":[{"name":"wp","href":"https:\/\/api.w.org\/{rel}","templated":true}]}}