{"id":12830,"date":"2019-12-22T12:26:42","date_gmt":"2019-12-22T11:26:42","guid":{"rendered":"http:\/\/www.svzweckel.de\/?p=12830"},"modified":"2019-12-22T13:08:43","modified_gmt":"2019-12-22T12:08:43","slug":"timo-kulak-wechselt-nach-huels","status":"publish","type":"post","link":"https:\/\/www.svzweckel.de\/?p=12830","title":{"rendered":"Timo Kulak wechselt nach H\u00fcls"},"content":{"rendered":"<p>Etwas \u00fcberraschend teilte der aktuelle Stammtorh\u00fcter dem SV Zweckel mit, dass er sich zum neuen Jahr wieder seinem &#8222;Heimatverein&#8220; VfB H\u00fcls anschlie\u00dfen w\u00fcrde. Timo Kulak war in den vergangenen Wochen ein sicherer R\u00fcckhalt der Zweckeler Mannschaft und hatte ma\u00dfgeblichen Anteil daran, dass die Schwarz-Gr\u00fcnen mit einer tollen Serie den f\u00fcnften Tabellenplatz der Bezirksliga ergatterten.<\/p>\n<p>Der Torh\u00fcter wechselte erst zu Saisonbeginn vom VfL Resse 08 zum SV Zweckel, bei dem er wieder auf seinen &#8222;alten Trainer&#8220; Guido Naumann aus H\u00fclser Bezirksligazeiten traf.<\/p>\n<p>Der SV Zweckel ist aktuell damit besch\u00e4ftigt einen zweiten Torh\u00fcter zu verpflichten, der neben B\u00fcnyamin Ert\u00fcrk den Kader der Ersten verst\u00e4rken soll.<\/p>\n","protected":false},"excerpt":{"rendered":"<p>Etwas \u00fcberraschend teilte der aktuelle Stammtorh\u00fcter dem SV Zweckel mit, dass er sich zum neuen Jahr wieder seinem &#8222;Heimatverein&#8220; VfB H\u00fcls anschlie\u00dfen w\u00fcrde. Timo Kulak war in den vergangenen Wochen ein sicherer R\u00fcckhalt der Zweckeler Mannschaft und hatte ma\u00dfgeblichen Anteil daran, dass die Schwarz-Gr\u00fcnen mit einer tollen Serie den f\u00fcnften Tabellenplatz der Bezirksliga ergatterten. Der [&hellip;]<\/p>\n","protected":false},"author":3,"featured_media":12829,"comment_status":"open","ping_status":"open","sticky":false,"template":"","format":"standard","meta":{"_jetpack_memberships_contains_paid_content":false,"footnotes":"","jetpack_publicize_message":"","jetpack_publicize_feature_enabled":true,"jetpack_social_post_already_shared":false,"jetpack_social_options":{"image_generator_settings":{"template":"highway","default_image_id":0,"font":"","enabled":false},"version":2}},"categories":[2],"tags":[],"class_list":["post-12830","post","type-post","status-publish","format-standard","has-post-thumbnail","hentry","category-1-mannschaft"],"jetpack_publicize_connections":[],"jetpack_featured_media_url":"https:\/\/i0.wp.com\/www.svzweckel.de\/wp-content\/uploads\/2019\/12\/IMG_20190702_192605-e1577013188407.jpg?fit=578%2C490&ssl=1","jetpack_sharing_enabled":true,"_links":{"self":[{"href":"https:\/\/www.svzweckel.de\/index.php?rest_route=\/wp\/v2\/posts\/12830","targetHints":{"allow":["GET"]}}],"collection":[{"href":"https:\/\/www.svzweckel.de\/index.php?rest_route=\/wp\/v2\/posts"}],"about":[{"href":"https:\/\/www.svzweckel.de\/index.php?rest_route=\/wp\/v2\/types\/post"}],"author":[{"embeddable":true,"href":"https:\/\/www.svzweckel.de\/index.php?rest_route=\/wp\/v2\/users\/3"}],"replies":[{"embeddable":true,"href":"https:\/\/www.svzweckel.de\/index.php?rest_route=%2Fwp%2Fv2%2Fcomments&post=12830"}],"version-history":[{"count":0,"href":"https:\/\/www.svzweckel.de\/index.php?rest_route=\/wp\/v2\/posts\/12830\/revisions"}],"wp:featuredmedia":[{"embeddable":true,"href":"https:\/\/www.svzweckel.de\/index.php?rest_route=\/wp\/v2\/media\/12829"}],"wp:attachment":[{"href":"https:\/\/www.svzweckel.de\/index.php?rest_route=%2Fwp%2Fv2%2Fmedia&parent=12830"}],"wp:term":[{"taxonomy":"category","embeddable":true,"href":"https:\/\/www.svzweckel.de\/index.php?rest_route=%2Fwp%2Fv2%2Fcategories&post=12830"},{"taxonomy":"post_tag","embeddable":true,"href":"https:\/\/www.svzweckel.de\/index.php?rest_route=%2Fwp%2Fv2%2Ftags&post=12830"}],"curies":[{"name":"wp","href":"https:\/\/api.w.org\/{rel}","templated":true}]}}