{"id":12836,"date":"2019-12-22T13:04:22","date_gmt":"2019-12-22T12:04:22","guid":{"rendered":"http:\/\/www.svzweckel.de\/?p=12836"},"modified":"2019-12-22T13:04:22","modified_gmt":"2019-12-22T12:04:22","slug":"samir-saadou-geht-zurueck-zu-preussen","status":"publish","type":"post","link":"https:\/\/www.svzweckel.de\/?p=12836","title":{"rendered":"Samir Saadou geht zur\u00fcck zu Preu\u00dfen"},"content":{"rendered":"<p>Nach einer halben Saison in der Bezirksliga hat sich Samir Saadou beim SV Zweckel abgemeldet und wieder seinem Heimatverein SG Preu\u00dfen Gladbeck angeschlossen. In der Hinrunde kam er auf neun Eins\u00e4tze in der Meisterschaft und bestritt am 03.11. in H\u00fcls seine letzte Partie f\u00fcr den SV Zweckel.<\/p>\n","protected":false},"excerpt":{"rendered":"<p>Nach einer halben Saison in der Bezirksliga hat sich Samir Saadou beim SV Zweckel abgemeldet und wieder seinem Heimatverein SG Preu\u00dfen Gladbeck angeschlossen. In der Hinrunde kam er auf neun Eins\u00e4tze in der Meisterschaft und bestritt am 03.11. in H\u00fcls seine letzte Partie f\u00fcr den SV Zweckel.<\/p>\n","protected":false},"author":3,"featured_media":12835,"comment_status":"open","ping_status":"open","sticky":false,"template":"","format":"standard","meta":{"_jetpack_memberships_contains_paid_content":false,"footnotes":"","jetpack_publicize_message":"","jetpack_publicize_feature_enabled":true,"jetpack_social_post_already_shared":false,"jetpack_social_options":{"image_generator_settings":{"template":"highway","default_image_id":0,"font":"","enabled":false},"version":2}},"categories":[2],"tags":[],"class_list":["post-12836","post","type-post","status-publish","format-standard","has-post-thumbnail","hentry","category-1-mannschaft"],"jetpack_publicize_connections":[],"jetpack_featured_media_url":"https:\/\/i0.wp.com\/www.svzweckel.de\/wp-content\/uploads\/2019\/12\/Saadou.jpg?fit=800%2C578&ssl=1","jetpack_sharing_enabled":true,"_links":{"self":[{"href":"https:\/\/www.svzweckel.de\/index.php?rest_route=\/wp\/v2\/posts\/12836","targetHints":{"allow":["GET"]}}],"collection":[{"href":"https:\/\/www.svzweckel.de\/index.php?rest_route=\/wp\/v2\/posts"}],"about":[{"href":"https:\/\/www.svzweckel.de\/index.php?rest_route=\/wp\/v2\/types\/post"}],"author":[{"embeddable":true,"href":"https:\/\/www.svzweckel.de\/index.php?rest_route=\/wp\/v2\/users\/3"}],"replies":[{"embeddable":true,"href":"https:\/\/www.svzweckel.de\/index.php?rest_route=%2Fwp%2Fv2%2Fcomments&post=12836"}],"version-history":[{"count":0,"href":"https:\/\/www.svzweckel.de\/index.php?rest_route=\/wp\/v2\/posts\/12836\/revisions"}],"wp:featuredmedia":[{"embeddable":true,"href":"https:\/\/www.svzweckel.de\/index.php?rest_route=\/wp\/v2\/media\/12835"}],"wp:attachment":[{"href":"https:\/\/www.svzweckel.de\/index.php?rest_route=%2Fwp%2Fv2%2Fmedia&parent=12836"}],"wp:term":[{"taxonomy":"category","embeddable":true,"href":"https:\/\/www.svzweckel.de\/index.php?rest_route=%2Fwp%2Fv2%2Fcategories&post=12836"},{"taxonomy":"post_tag","embeddable":true,"href":"https:\/\/www.svzweckel.de\/index.php?rest_route=%2Fwp%2Fv2%2Ftags&post=12836"}],"curies":[{"name":"wp","href":"https:\/\/api.w.org\/{rel}","templated":true}]}}