{"id":12848,"date":"2020-01-06T20:51:27","date_gmt":"2020-01-06T19:51:27","guid":{"rendered":"http:\/\/www.svzweckel.de\/?p=12848"},"modified":"2020-01-06T20:51:27","modified_gmt":"2020-01-06T19:51:27","slug":"neuer-mann-fuer-die-abwehr","status":"publish","type":"post","link":"https:\/\/www.svzweckel.de\/?p=12848","title":{"rendered":"Neuer Mann f\u00fcr die Abwehr"},"content":{"rendered":"<p>Auf der Suche nach Verst\u00e4rkungen f\u00fcr den Kader der Bezirksligamannschaft sind die Verantwortlichen des SV Zweckel f\u00fcndig geworden. Mit Abwehrspieler Patrick Herkt kommt ein Defensivspieler an die Dorstener Stra\u00dfe. Der 24j\u00e4hrige kann bereits Landes- und Westfalenligaerfahrung vorweisen, wobei er sowohl im Jugend- als auch im Seniorenbereich mehr als 15 Jahre seinem Stammverein Viktoria Resse die Treue hielt.<\/p>\n<p>Patrick Herkt ist sofort spielberechtigt und steht dem Trainer damit schon am Wochenende f\u00fcr\u00a0 die Hallenstadtmeisterschaften zur Verf\u00fcgung<\/p>\n<p>&nbsp;<\/p>\n","protected":false},"excerpt":{"rendered":"<p>Auf der Suche nach Verst\u00e4rkungen f\u00fcr den Kader der Bezirksligamannschaft sind die Verantwortlichen des SV Zweckel f\u00fcndig geworden. Mit Abwehrspieler Patrick Herkt kommt ein Defensivspieler an die Dorstener Stra\u00dfe. Der 24j\u00e4hrige kann bereits Landes- und Westfalenligaerfahrung vorweisen, wobei er sowohl im Jugend- als auch im Seniorenbereich mehr als 15 Jahre seinem Stammverein Viktoria Resse die [&hellip;]<\/p>\n","protected":false},"author":3,"featured_media":12849,"comment_status":"open","ping_status":"open","sticky":false,"template":"","format":"standard","meta":{"_jetpack_memberships_contains_paid_content":false,"footnotes":"","jetpack_publicize_message":"","jetpack_publicize_feature_enabled":true,"jetpack_social_post_already_shared":false,"jetpack_social_options":{"image_generator_settings":{"template":"highway","default_image_id":0,"font":"","enabled":false},"version":2}},"categories":[2],"tags":[],"class_list":["post-12848","post","type-post","status-publish","format-standard","has-post-thumbnail","hentry","category-1-mannschaft"],"jetpack_publicize_connections":[],"jetpack_featured_media_url":"https:\/\/i0.wp.com\/www.svzweckel.de\/wp-content\/uploads\/2020\/01\/Herkt.jpg?fit=432%2C312&ssl=1","jetpack_sharing_enabled":true,"_links":{"self":[{"href":"https:\/\/www.svzweckel.de\/index.php?rest_route=\/wp\/v2\/posts\/12848","targetHints":{"allow":["GET"]}}],"collection":[{"href":"https:\/\/www.svzweckel.de\/index.php?rest_route=\/wp\/v2\/posts"}],"about":[{"href":"https:\/\/www.svzweckel.de\/index.php?rest_route=\/wp\/v2\/types\/post"}],"author":[{"embeddable":true,"href":"https:\/\/www.svzweckel.de\/index.php?rest_route=\/wp\/v2\/users\/3"}],"replies":[{"embeddable":true,"href":"https:\/\/www.svzweckel.de\/index.php?rest_route=%2Fwp%2Fv2%2Fcomments&post=12848"}],"version-history":[{"count":0,"href":"https:\/\/www.svzweckel.de\/index.php?rest_route=\/wp\/v2\/posts\/12848\/revisions"}],"wp:featuredmedia":[{"embeddable":true,"href":"https:\/\/www.svzweckel.de\/index.php?rest_route=\/wp\/v2\/media\/12849"}],"wp:attachment":[{"href":"https:\/\/www.svzweckel.de\/index.php?rest_route=%2Fwp%2Fv2%2Fmedia&parent=12848"}],"wp:term":[{"taxonomy":"category","embeddable":true,"href":"https:\/\/www.svzweckel.de\/index.php?rest_route=%2Fwp%2Fv2%2Fcategories&post=12848"},{"taxonomy":"post_tag","embeddable":true,"href":"https:\/\/www.svzweckel.de\/index.php?rest_route=%2Fwp%2Fv2%2Ftags&post=12848"}],"curies":[{"name":"wp","href":"https:\/\/api.w.org\/{rel}","templated":true}]}}