{"id":12852,"date":"2020-01-06T21:34:21","date_gmt":"2020-01-06T20:34:21","guid":{"rendered":"http:\/\/www.svzweckel.de\/?p=12852"},"modified":"2020-01-06T21:35:08","modified_gmt":"2020-01-06T20:35:08","slug":"torwartsuche-war-erfolgreich","status":"publish","type":"post","link":"https:\/\/www.svzweckel.de\/?p=12852","title":{"rendered":"Torwartsuche war erfolgreich"},"content":{"rendered":"<p>Nach dem \u00fcberraschenden Abgang von Timo Kulak zum VfB H\u00fcls war in der 1. Mannschaft noch eine Torwartposition vakant. Mit heutigem Tage wurde die entstandene L\u00fccke wieder geschlossen, denn der SV Zweckel konnte einen Nachwuchstorh\u00fcter verpflichten.<\/p>\n<p>Einige Zweckeler werden sich noch an das entscheidende Spiel bei SV Horst-Emscher 08 am Ende der letzten Saison erinnern. Der damalige Horster Keeper Robin Montberg verhinderte einige Male den Zweckeler Torschrei. Nach dem R\u00fcckzug der Horster Bezirksligamannschaft wechselt der 21j\u00e4hrige Torwart nun zum SV Zweckel und wird B\u00fcnyamin Ert\u00fcrk im Zweckeler Tor Konkurrenz machen.<\/p>\n","protected":false},"excerpt":{"rendered":"<p>Nach dem \u00fcberraschenden Abgang von Timo Kulak zum VfB H\u00fcls war in der 1. Mannschaft noch eine Torwartposition vakant. Mit heutigem Tage wurde die entstandene L\u00fccke wieder geschlossen, denn der SV Zweckel konnte einen Nachwuchstorh\u00fcter verpflichten. Einige Zweckeler werden sich noch an das entscheidende Spiel bei SV Horst-Emscher 08 am Ende der letzten Saison erinnern. [&hellip;]<\/p>\n","protected":false},"author":3,"featured_media":7906,"comment_status":"open","ping_status":"open","sticky":false,"template":"","format":"standard","meta":{"_jetpack_memberships_contains_paid_content":false,"footnotes":"","jetpack_publicize_message":"","jetpack_publicize_feature_enabled":true,"jetpack_social_post_already_shared":false,"jetpack_social_options":{"image_generator_settings":{"template":"highway","default_image_id":0,"font":"","enabled":false},"version":2}},"categories":[2],"tags":[],"class_list":["post-12852","post","type-post","status-publish","format-standard","has-post-thumbnail","hentry","category-1-mannschaft"],"jetpack_publicize_connections":[],"jetpack_featured_media_url":"https:\/\/i0.wp.com\/www.svzweckel.de\/wp-content\/uploads\/2017\/02\/SV_Zweckel_Header_RZ-883x320.jpg?fit=883%2C320&ssl=1","jetpack_sharing_enabled":true,"_links":{"self":[{"href":"https:\/\/www.svzweckel.de\/index.php?rest_route=\/wp\/v2\/posts\/12852","targetHints":{"allow":["GET"]}}],"collection":[{"href":"https:\/\/www.svzweckel.de\/index.php?rest_route=\/wp\/v2\/posts"}],"about":[{"href":"https:\/\/www.svzweckel.de\/index.php?rest_route=\/wp\/v2\/types\/post"}],"author":[{"embeddable":true,"href":"https:\/\/www.svzweckel.de\/index.php?rest_route=\/wp\/v2\/users\/3"}],"replies":[{"embeddable":true,"href":"https:\/\/www.svzweckel.de\/index.php?rest_route=%2Fwp%2Fv2%2Fcomments&post=12852"}],"version-history":[{"count":0,"href":"https:\/\/www.svzweckel.de\/index.php?rest_route=\/wp\/v2\/posts\/12852\/revisions"}],"wp:featuredmedia":[{"embeddable":true,"href":"https:\/\/www.svzweckel.de\/index.php?rest_route=\/wp\/v2\/media\/7906"}],"wp:attachment":[{"href":"https:\/\/www.svzweckel.de\/index.php?rest_route=%2Fwp%2Fv2%2Fmedia&parent=12852"}],"wp:term":[{"taxonomy":"category","embeddable":true,"href":"https:\/\/www.svzweckel.de\/index.php?rest_route=%2Fwp%2Fv2%2Fcategories&post=12852"},{"taxonomy":"post_tag","embeddable":true,"href":"https:\/\/www.svzweckel.de\/index.php?rest_route=%2Fwp%2Fv2%2Ftags&post=12852"}],"curies":[{"name":"wp","href":"https:\/\/api.w.org\/{rel}","templated":true}]}}