{"id":1286,"date":"2014-10-19T20:41:15","date_gmt":"2014-10-19T20:41:15","guid":{"rendered":"http:\/\/www.svzweckel.de\/?p=1286"},"modified":"2014-10-19T20:41:15","modified_gmt":"2014-10-19T20:41:15","slug":"nur-remis-beim-tabellenletzten","status":"publish","type":"post","link":"https:\/\/www.svzweckel.de\/?p=1286","title":{"rendered":"Nur Remis beim Tabellenletzten"},"content":{"rendered":"<p>Die Zweite war beim Tabellenletzten zu Gast und kam \u00fcber ein Remis nicht hinaus. S\u00f6ren Sch\u00fcrer und Boris Crevatin hatten als Trainergespann zwar die Erwartungshaltung nach drei Punkten ge\u00e4u\u00dfert, daraus wurde leider nichts. Das lag an unterschiedlichen Gr\u00fcnden. Der Hauptgrund war die mangelnde Chancenauswertung und Nachl\u00e4ssigkeiten mit denen die Zweckeler Offensive umging. Nach 4 Minuten ging die Mannschaft mit 0:1 in F\u00fchrung, Enes Aldirmatz war per Kopf erfolgreich. Doch das sorgte nicht f\u00fcr Ruhe und Abgekl\u00e4rtheit beim Gast sondern forderte offensichtlich den Spieltrieb der Mannschaft heraus. Gegen rustikal zu Werke gehende Gastgeber wurde der direkte Weg zum Tor so gut wie gar nicht gew\u00e4hlt. B\u00e4lle wurden vert\u00e4ndelt und der Ball wollte ins Tor getragen sein, so das der Abschluss zu selten gesucht wurde.<br \/>\nHInzu kamen noch einige mehr als fragw\u00fcrdige Schiedsrichterentscheidungen, die auch zum Ausgleich durch ein Strafsto\u00dftor f\u00fchrten. Kurz danach musste David Kulina f\u00fcr einen korrekte Aktion leider das Feld mit gelb-rot verlassen. Zu mehr als diesem Punkt reichte es leider nicht.<\/p>\n","protected":false},"excerpt":{"rendered":"<p>Die Zweite war beim Tabellenletzten zu Gast und kam \u00fcber ein Remis nicht hinaus. S\u00f6ren Sch\u00fcrer und Boris Crevatin hatten als Trainergespann zwar die Erwartungshaltung nach drei Punkten ge\u00e4u\u00dfert, daraus wurde leider nichts. Das lag an unterschiedlichen Gr\u00fcnden. Der Hauptgrund war die mangelnde Chancenauswertung und Nachl\u00e4ssigkeiten mit denen die Zweckeler Offensive umging. Nach 4 Minuten [&hellip;]<\/p>\n","protected":false},"author":3,"featured_media":1157,"comment_status":"open","ping_status":"open","sticky":false,"template":"","format":"standard","meta":{"_jetpack_memberships_contains_paid_content":false,"footnotes":"","jetpack_publicize_message":"","jetpack_publicize_feature_enabled":true,"jetpack_social_post_already_shared":false,"jetpack_social_options":{"image_generator_settings":{"template":"highway","default_image_id":0,"font":"","enabled":false},"version":2}},"categories":[20],"tags":[],"class_list":["post-1286","post","type-post","status-publish","format-standard","has-post-thumbnail","hentry","category-2-mannschaft"],"jetpack_publicize_connections":[],"jetpack_featured_media_url":"https:\/\/i0.wp.com\/www.svzweckel.de\/wp-content\/uploads\/2014\/07\/SV_Zweckel_2_HM-1024x568.jpg?fit=800%2C444&ssl=1","jetpack_sharing_enabled":true,"_links":{"self":[{"href":"https:\/\/www.svzweckel.de\/index.php?rest_route=\/wp\/v2\/posts\/1286","targetHints":{"allow":["GET"]}}],"collection":[{"href":"https:\/\/www.svzweckel.de\/index.php?rest_route=\/wp\/v2\/posts"}],"about":[{"href":"https:\/\/www.svzweckel.de\/index.php?rest_route=\/wp\/v2\/types\/post"}],"author":[{"embeddable":true,"href":"https:\/\/www.svzweckel.de\/index.php?rest_route=\/wp\/v2\/users\/3"}],"replies":[{"embeddable":true,"href":"https:\/\/www.svzweckel.de\/index.php?rest_route=%2Fwp%2Fv2%2Fcomments&post=1286"}],"version-history":[{"count":0,"href":"https:\/\/www.svzweckel.de\/index.php?rest_route=\/wp\/v2\/posts\/1286\/revisions"}],"wp:featuredmedia":[{"embeddable":true,"href":"https:\/\/www.svzweckel.de\/index.php?rest_route=\/wp\/v2\/media\/1157"}],"wp:attachment":[{"href":"https:\/\/www.svzweckel.de\/index.php?rest_route=%2Fwp%2Fv2%2Fmedia&parent=1286"}],"wp:term":[{"taxonomy":"category","embeddable":true,"href":"https:\/\/www.svzweckel.de\/index.php?rest_route=%2Fwp%2Fv2%2Fcategories&post=1286"},{"taxonomy":"post_tag","embeddable":true,"href":"https:\/\/www.svzweckel.de\/index.php?rest_route=%2Fwp%2Fv2%2Ftags&post=1286"}],"curies":[{"name":"wp","href":"https:\/\/api.w.org\/{rel}","templated":true}]}}